{"id":472514,"date":"2025-10-18T13:04:24","date_gmt":"2025-10-18T13:04:24","guid":{"rendered":"https:\/\/www.europesays.com\/fr\/472514\/"},"modified":"2025-10-18T13:04:24","modified_gmt":"2025-10-18T13:04:24","slug":"un-appel-a-temoins-24-ans-apres-le-meurtre-dune-jeune-femme-a-nice","status":"publish","type":"post","link":"https:\/\/www.europesays.com\/fr\/472514\/","title":{"rendered":"un appel \u00e0 t\u00e9moins 24 ans apr\u00e8s le meurtre d&rsquo;une jeune femme \u00e0 Nice"},"content":{"rendered":"<p>Le dispositif \u00ab\u00a0est destin\u00e9 \u00e0 recueillir toute information permettant de favoriser l&rsquo;\u00e9lucidation de ce crime\u00a0\u00bb, d\u00e9taille le procureur de la R\u00e9publique de Nanterre Yves Badorc dans un communiqu\u00e9.<\/p>\n<p>Ce texte accompagne une nouvelle vid\u00e9o \u00ab\u00a0En qu\u00eate d&rsquo;indices\u00a0\u00bb, le cinqui\u00e8me appel \u00e0 t\u00e9moins du p\u00f4le qui reprend les codes des \u00e9missions d\u00e9di\u00e9es aux faits divers.<\/p>\n<p>Il s&rsquo;agit cette fois-ci du meurtre d&rsquo;Ariane Guillot, jeune enseignante de 25 ans, poignard\u00e9e \u00e0 Nice en fin d&rsquo;apr\u00e8s-midi le 18 avril 2001 alors qu&rsquo;elle se promenait dans le parc de la colline du Ch\u00e2teau qui surplombe la ville.<\/p>\n<p>Parisienne, elle \u00e9tait descendue pour les vacances sur la C\u00f4te d&rsquo;Azur pour garder son neveu.<\/p>\n<p>Tr\u00e8s vite, les enqu\u00eateurs \u00e9cartent \u00ab\u00a0a priori (la) piste crapuleuse\u00a0\u00bb car son portefeuille complet est retrouv\u00e9 sur place, d\u00e9taille le parquet du p\u00f4le des crimes s\u00e9riels ou non-\u00e9lucid\u00e9s (PCSNE) de Nanterre \u00e0 l&rsquo;AFP.<\/p>\n<p>\u00ab\u00a0Des analyses g\u00e9n\u00e9tiques ont \u00e9t\u00e9 r\u00e9alis\u00e9es mais ne donnent rien de probant \u00e0 ce moment-l\u00e0\u00a0\u00bb, d\u00e9taille le minist\u00e8re public, \u00e0 l&rsquo;\u00e9poque o\u00f9 l&rsquo;utilisation de l&rsquo;ADN \u00ab\u00a0d\u00e9bute\u00a0\u00bb.<\/p>\n<p>Apr\u00e8s deux non-lieux en 2006 puis en d\u00e9cembre 2009, l&rsquo;Office central pour la r\u00e9pression des violences aux personnes (OCRVP), service d&rsquo;enqu\u00eate qui travaille avec le p\u00f4le, proposera ce dossier parmi de nombreux autres cold cases. <\/p>\n<p>Le 18 juillet 2022, le parquet de Nanterre ouvre une enqu\u00eate pr\u00e9liminaire.<\/p>\n<p>\u00ab\u00a0Le dossier Ariane Guillot est particulier parce qu&rsquo;au niveau national, il n&rsquo;est pas connu, mais au niveau ni\u00e7ois, il a marqu\u00e9\u00a0\u00bb, explique \u00e0 l&rsquo;AFP le patron de l&rsquo;OCRVP, Franck Dannerolle, pour qui \u00ab\u00a0c&rsquo;est le moment\u00a0\u00bb de faire cet appel \u00e0 t\u00e9moins apr\u00e8s l&rsquo;exploration de \u00ab\u00a0diff\u00e9rentes pistes d&rsquo;investigation\u00a0\u00bb.<\/p>\n<p>\u00ab\u00a0Avec un dispositif national, on peut arriver \u00e0 r\u00e9cup\u00e9rer un t\u00e9moignage de quelqu&rsquo;un qui a v\u00e9cu \u00e0 Nice \u00e0 l&rsquo;\u00e9poque, ou qui \u00e9tait en tourisme \u00e0 Nice \u00e0 l&rsquo;\u00e9poque\u00a0\u00bb, souligne-t-il. <\/p>\n<p>La r\u00e9ouverture de l&rsquo;enqu\u00eate a \u00e9galement permis de mener de nouvelles analyses g\u00e9n\u00e9tiques, des examens techniques de la plaie, des examens en morphoanalyse des traces de sang retrouv\u00e9es sur la sc\u00e8ne de crime et le recours \u00e0 des psychocriminologues de l&rsquo;OCRVP.<\/p>\n<p>En 2024, r\u00e9v\u00e8le le parquet, une personne a \u00e9t\u00e9 plac\u00e9e en garde \u00e0 vue, mais elle sera mise hors de cause.<\/p>\n<p>\u00ab\u00a0L&rsquo;important, c&rsquo;est de maintenir en vie ces dossiers-l\u00e0 et de leur donner un maximum de chances de r\u00e9solution\u00a0\u00bb, conclut Franck Dannerolle. <\/p>\n<p>Les t\u00e9moignages r\u00e9colt\u00e9s seront trait\u00e9s par les agents de l&rsquo;OCRVP et par ceux de la police judiciaire de Nice, co-saisis dans cette enqu\u00eate et \u00e0 l&rsquo;origine des premi\u00e8res investigations.<\/p>\n","protected":false},"excerpt":{"rendered":"Le dispositif \u00ab\u00a0est destin\u00e9 \u00e0 recueillir toute information permettant de favoriser l&rsquo;\u00e9lucidation de ce crime\u00a0\u00bb, d\u00e9taille le procureur&hellip;\n","protected":false},"author":2,"featured_media":472515,"comment_status":"","ping_status":"","sticky":false,"template":"","format":"standard","meta":{"footnotes":""},"categories":[2819],"tags":[17,1111,11,1764,7431,150,59599,1213,1777,674,1011,27,329,777,12,2401,882,25,20835],"class_list":{"0":"post-472514","1":"post","2":"type-post","3":"status-publish","4":"format-standard","5":"has-post-thumbnail","7":"category-nice","8":"tag-17","9":"tag-actu","10":"tag-actualites","11":"tag-ans","12":"tag-appel","13":"tag-apres","14":"tag-case","15":"tag-cold","16":"tag-eu","17":"tag-europe","18":"tag-fr","19":"tag-france","20":"tag-france-monde","21":"tag-meurtre","22":"tag-news","23":"tag-nice","24":"tag-provence-alpes-cote-dazur","25":"tag-republique-francaise","26":"tag-temoins"},"share_on_mastodon":{"url":"https:\/\/pubeurope.com\/@fr\/115395314644325497","error":""},"_links":{"self":[{"href":"https:\/\/www.europesays.com\/fr\/wp-json\/wp\/v2\/posts\/472514","targetHints":{"allow":["GET"]}}],"collection":[{"href":"https:\/\/www.europesays.com\/fr\/wp-json\/wp\/v2\/posts"}],"about":[{"href":"https:\/\/www.europesays.com\/fr\/wp-json\/wp\/v2\/types\/post"}],"author":[{"embeddable":true,"href":"https:\/\/www.europesays.com\/fr\/wp-json\/wp\/v2\/users\/2"}],"replies":[{"embeddable":true,"href":"https:\/\/www.europesays.com\/fr\/wp-json\/wp\/v2\/comments?post=472514"}],"version-history":[{"count":0,"href":"https:\/\/www.europesays.com\/fr\/wp-json\/wp\/v2\/posts\/472514\/revisions"}],"wp:featuredmedia":[{"embeddable":true,"href":"https:\/\/www.europesays.com\/fr\/wp-json\/wp\/v2\/media\/472515"}],"wp:attachment":[{"href":"https:\/\/www.europesays.com\/fr\/wp-json\/wp\/v2\/media?parent=472514"}],"wp:term":[{"taxonomy":"category","embeddable":true,"href":"https:\/\/www.europesays.com\/fr\/wp-json\/wp\/v2\/categories?post=472514"},{"taxonomy":"post_tag","embeddable":true,"href":"https:\/\/www.europesays.com\/fr\/wp-json\/wp\/v2\/tags?post=472514"}],"curies":[{"name":"wp","href":"https:\/\/api.w.org\/{rel}","templated":true}]}}