{"id":472517,"date":"2025-10-18T13:06:22","date_gmt":"2025-10-18T13:06:22","guid":{"rendered":"https:\/\/www.europesays.com\/fr\/472517\/"},"modified":"2025-10-18T13:06:22","modified_gmt":"2025-10-18T13:06:22","slug":"a-medecins-du-monde-ils-militent-pour-une-secu-universelle","status":"publish","type":"post","link":"https:\/\/www.europesays.com\/fr\/472517\/","title":{"rendered":"\u00c0 M\u00e9decins du monde, ils militent pour une \u00ab\u00a0S\u00e9cu universelle\u00a0\u00bb"},"content":{"rendered":"<p>Cette ann\u00e9e, <a href=\"https:\/\/rennes.maville.com\/actu\/actudet_-securite-sociale-80-ans-apres-la-revolution-de-sa-creation-que-symbolise-t-elle-aujourd-hui-_54135-7005025_actu.Htm\" target=\"_self\" rel=\"noopener\">la S\u00e9curit\u00e9 sociale f\u00eate ses 80\u00a0ans.<\/a> \u00c0 cette occasion, dans son dernier rapport, M\u00e9decins du monde (MDM) milite pour une s\u00e9curit\u00e9 sociale universelle fran\u00e7aise, c\u2019est-\u00e0-dire que tous les actes seraient rembours\u00e9s \u00e0 100\u00a0%.<\/p>\n<p>Un projet surr\u00e9aliste, alors que le reste \u00e0 charge des frais de sant\u00e9 pour chaque Fran\u00e7ais\u00a0sur une ann\u00e9e s\u2019\u00e9l\u00e8vent aujourd\u2019hui en moyenne \u00e0 274\u00a0\u20ac\u00a0? Une id\u00e9e irr\u00e9alisable financi\u00e8rement\u00a0? Pas du tout, argumente l\u2019\u00e9quipe de M\u00e9decins du monde de Nantes, via un quiz que ses permanents et b\u00e9n\u00e9voles distribuent. <strong>\u00ab\u00a0La mise en place d\u2019une grande S\u00e9cu (100\u00a0% des soins remboursables par l\u2019assurance maladie) g\u00e9n\u00e9rerait 5,4\u00a0milliards d\u2019\u00e9conomie annuelle\u00a0!\u00a0\u00bb <\/strong>affirme MDM en s\u2019appuyant sur une estimation du Haut conseil pour l\u2019avenir de l\u2019assurance maladie. \u00ab<strong>\u00a0Une grande s\u00e9cu permettrait de supprimer les doublons de gestion et les frais redondants, rendant le syst\u00e8me plus efficace.\u00a0\u00bb<\/strong><\/p>\n<p>Et d\u2019appuyer\u00a0: <strong>\u00ab\u00a0La sant\u00e9 est un droit fondamental et pas une marchandise. Les citoyennes, les usagers, les professionnels doivent d\u00e9finir ensemble les bases du syst\u00e8me de sant\u00e9 et sa gestion, dans l\u2019esprit fondateur de 1945.\u00a0\u00bb<\/strong><\/p>\n<p>\u00a0<\/p>\n","protected":false},"excerpt":{"rendered":"Cette ann\u00e9e, la S\u00e9curit\u00e9 sociale f\u00eate ses 80\u00a0ans. \u00c0 cette occasion, dans son dernier rapport, M\u00e9decins du monde&hellip;\n","protected":false},"author":2,"featured_media":472518,"comment_status":"","ping_status":"","sticky":false,"template":"","format":"standard","meta":{"footnotes":""},"categories":[2818],"tags":[1111,11,1777,674,1011,27,2673,22783,74,766,12,2636,25,15507,59600],"class_list":{"0":"post-472517","1":"post","2":"type-post","3":"status-publish","4":"format-standard","5":"has-post-thumbnail","7":"category-nantes","8":"tag-actu","9":"tag-actualites","10":"tag-eu","11":"tag-europe","12":"tag-fr","13":"tag-france","14":"tag-medecins","15":"tag-militent","16":"tag-monde","17":"tag-nantes","18":"tag-news","19":"tag-pays-de-la-loire","20":"tag-republique-francaise","21":"tag-secu","22":"tag-universelle"},"share_on_mastodon":{"url":"https:\/\/pubeurope.com\/@fr\/115395322476845705","error":""},"_links":{"self":[{"href":"https:\/\/www.europesays.com\/fr\/wp-json\/wp\/v2\/posts\/472517","targetHints":{"allow":["GET"]}}],"collection":[{"href":"https:\/\/www.europesays.com\/fr\/wp-json\/wp\/v2\/posts"}],"about":[{"href":"https:\/\/www.europesays.com\/fr\/wp-json\/wp\/v2\/types\/post"}],"author":[{"embeddable":true,"href":"https:\/\/www.europesays.com\/fr\/wp-json\/wp\/v2\/users\/2"}],"replies":[{"embeddable":true,"href":"https:\/\/www.europesays.com\/fr\/wp-json\/wp\/v2\/comments?post=472517"}],"version-history":[{"count":0,"href":"https:\/\/www.europesays.com\/fr\/wp-json\/wp\/v2\/posts\/472517\/revisions"}],"wp:featuredmedia":[{"embeddable":true,"href":"https:\/\/www.europesays.com\/fr\/wp-json\/wp\/v2\/media\/472518"}],"wp:attachment":[{"href":"https:\/\/www.europesays.com\/fr\/wp-json\/wp\/v2\/media?parent=472517"}],"wp:term":[{"taxonomy":"category","embeddable":true,"href":"https:\/\/www.europesays.com\/fr\/wp-json\/wp\/v2\/categories?post=472517"},{"taxonomy":"post_tag","embeddable":true,"href":"https:\/\/www.europesays.com\/fr\/wp-json\/wp\/v2\/tags?post=472517"}],"curies":[{"name":"wp","href":"https:\/\/api.w.org\/{rel}","templated":true}]}}