{"id":472519,"date":"2025-10-18T13:07:13","date_gmt":"2025-10-18T13:07:13","guid":{"rendered":"https:\/\/www.europesays.com\/fr\/472519\/"},"modified":"2025-10-18T13:07:13","modified_gmt":"2025-10-18T13:07:13","slug":"lea-de-nantes-a-brest-projete-au-grand-bleu-a-carhaix-le-jeudi-23-octobre","status":"publish","type":"post","link":"https:\/\/www.europesays.com\/fr\/472519\/","title":{"rendered":"\u00ab\u00a0L\u00e9a de Nantes \u00e0 Brest\u00a0\u00bb projet\u00e9 au Grand Bleu, \u00e0 Carhaix, le jeudi 23\u00a0octobre"},"content":{"rendered":"<p>Apr\u00e8s avoir parcouru 400 km en kayak sur le canal de Nantes \u00e0 Brest, l\u2019athl\u00e8te olympique L\u00e9a Jamelot revient avec un film documentaire qui met en lumi\u00e8re le Centre-Bretagne \u00e0 travers un regard \u00e0 la fois sportif, humain et po\u00e9tique. De Nantes \u00e0 Brest, en passant par Carhaix et les \u00e9cluses du Poher, <a href=\"https:\/\/www.letelegramme.fr\/finistere\/carhaix-29270\/cest-un-peu-mes-jo-a-moi-dans-le-sillage-de-lea-jamelot-en-chemin-vers-carhaix-sur-le-canal-de-nantes-a-brest-6833501.php\" target=\"_blank\" rel=\"noopener\">L\u00e9a est partie \u00e0 la rencontre de celles et ceux qui font vivre le canal<\/a> : habitants, \u00e9clusiers, passionn\u00e9s et acteurs du territoire. Une aventure qui interroge aussi la place du sport, du lien au territoire et de la reconversion apr\u00e8s une carri\u00e8re de haut niveau.<\/p>\n<p>Le film sera projet\u00e9 le jeudi 23 octobre \u00e0 20 h au cin\u00e9ma Le Grand Bleu de Carhaix, en pr\u00e9sence de L\u00e9a Jamelot. Un \u00e9change avec le public est pr\u00e9vu \u00e0 l\u2019issue de la projection.<\/p>\n","protected":false},"excerpt":{"rendered":"Apr\u00e8s avoir parcouru 400 km en kayak sur le canal de Nantes \u00e0 Brest, l\u2019athl\u00e8te olympique L\u00e9a Jamelot&hellip;\n","protected":false},"author":2,"featured_media":472520,"comment_status":"","ping_status":"","sticky":false,"template":"","format":"standard","meta":{"footnotes":""},"categories":[2818],"tags":[1111,11,5934,1777,674,1011,27,766,12,2636,25],"class_list":{"0":"post-472519","1":"post","2":"type-post","3":"status-publish","4":"format-standard","5":"has-post-thumbnail","7":"category-nantes","8":"tag-actu","9":"tag-actualites","10":"tag-carhaix-plouguer","11":"tag-eu","12":"tag-europe","13":"tag-fr","14":"tag-france","15":"tag-nantes","16":"tag-news","17":"tag-pays-de-la-loire","18":"tag-republique-francaise"},"share_on_mastodon":{"url":"https:\/\/pubeurope.com\/@fr\/115395326520598807","error":""},"_links":{"self":[{"href":"https:\/\/www.europesays.com\/fr\/wp-json\/wp\/v2\/posts\/472519","targetHints":{"allow":["GET"]}}],"collection":[{"href":"https:\/\/www.europesays.com\/fr\/wp-json\/wp\/v2\/posts"}],"about":[{"href":"https:\/\/www.europesays.com\/fr\/wp-json\/wp\/v2\/types\/post"}],"author":[{"embeddable":true,"href":"https:\/\/www.europesays.com\/fr\/wp-json\/wp\/v2\/users\/2"}],"replies":[{"embeddable":true,"href":"https:\/\/www.europesays.com\/fr\/wp-json\/wp\/v2\/comments?post=472519"}],"version-history":[{"count":0,"href":"https:\/\/www.europesays.com\/fr\/wp-json\/wp\/v2\/posts\/472519\/revisions"}],"wp:featuredmedia":[{"embeddable":true,"href":"https:\/\/www.europesays.com\/fr\/wp-json\/wp\/v2\/media\/472520"}],"wp:attachment":[{"href":"https:\/\/www.europesays.com\/fr\/wp-json\/wp\/v2\/media?parent=472519"}],"wp:term":[{"taxonomy":"category","embeddable":true,"href":"https:\/\/www.europesays.com\/fr\/wp-json\/wp\/v2\/categories?post=472519"},{"taxonomy":"post_tag","embeddable":true,"href":"https:\/\/www.europesays.com\/fr\/wp-json\/wp\/v2\/tags?post=472519"}],"curies":[{"name":"wp","href":"https:\/\/api.w.org\/{rel}","templated":true}]}}