{"id":472523,"date":"2025-10-18T13:09:30","date_gmt":"2025-10-18T13:09:30","guid":{"rendered":"https:\/\/www.europesays.com\/fr\/472523\/"},"modified":"2025-10-18T13:09:30","modified_gmt":"2025-10-18T13:09:30","slug":"le-jumpinginternational-de-bordeaux-muscle-son-jeu-avec-le-dressageet-reve-deja-de-coupe-du-monde-so-horse","status":"publish","type":"post","link":"https:\/\/www.europesays.com\/fr\/472523\/","title":{"rendered":"Le Jumping,International de Bordeaux muscle son jeu avec le dressage\u2026et r\u00eave d\u00e9j\u00e0 de Coupe du monde\u00a0\u2014\u00a0So Horse"},"content":{"rendered":"<p>Du 5 au 8 f\u00e9vrier 2026, le\u00a0<strong>Jumping International de Bordeaux<\/strong>\u00a0ne se contentera pas de faire son show habituel. Cette fois, il entre dans une nouvelle \u00e8re : pour la premi\u00e8re fois, les\u00a0trois disciplines olympiques\u00a0du sport \u00e9questre, saut d\u2019obstacles, concours complet (avec le Devoucoux Indoor Derby) et dressage, seront r\u00e9unies sous le m\u00eame toit.<br \/>Un virage assum\u00e9, voulu, presque attendu. Et derri\u00e8re cette \u00e9volution, une id\u00e9e fixe :\u00a0installer durablement le dressage \u00e0 Bordeaux, avec pour horizon une\u00a0manche Coupe du monde d\u2019ici 2028.<\/p>\n<blockquote class=\"wp-block-quote is-layout-flow wp-block-quote-is-layout-flow\">\n<p>\u00ab C\u2019\u00e9tait une \u00e9vidence, sourit Sabine Zaegel, directrice du Jumping International. Nous avons toujours voulu que Bordeaux soit pluridisciplinaire. Le dressage s\u2019imposait. C\u2019est une discipline exigeante, subtile, et elle donne \u00e0 l\u2019\u00e9v\u00e9nement une stature suppl\u00e9mentaire. \u00bb<\/p>\n<\/blockquote>\n<p><img fetchpriority=\"high\" decoding=\"async\" width=\"2280\" height=\"1520\" src=\"https:\/\/www.europesays.com\/fr\/wp-content\/uploads\/2025\/10\/xrobert-bdx-2280x1520.jpg.pagespeed.ic.KqY4cFuRTw.jpg\" alt=\"\" class=\"wp-image-20122\"   data-pagespeed-url-hash=\"4082807396\" onload=\"pagespeed.CriticalImages.checkImageForCriticality(this);\"\/><\/p>\n<p>Le dressage entre dans l\u2019ar\u00e8ne<\/p>\n<p>L\u2019arriv\u00e9e du dressage, c\u2019est la\u00a0grande nouveaut\u00e9 de 2026. Et pas en version d\u00e9mo : Bordeaux accueillera un\u00a0concours de dressage international quatre \u00e9toiles, le premier du genre dans le Sud-Ouest.<br \/>Le jeudi matin, place au Grand Prix, avant le Freestyle du vendredi apr\u00e8s-midi. Deux rendez-vous calibr\u00e9s pour que le public d\u00e9couvre une discipline o\u00f9 la pr\u00e9cision est une arme et la musique un partenaire.<\/p>\n<blockquote class=\"wp-block-quote is-layout-flow wp-block-quote-is-layout-flow\">\n<p>\u00ab Nous voulons le faire s\u00e9rieusement\u00bb, explique Sabine Zaegel. \u00abCe n\u2019est jamais facile d\u2019int\u00e9grer une nouvelle discipline dans un concours d\u00e9j\u00e0 dense, mais c\u2019est une belle id\u00e9e. Cela oblige \u00e0 se remettre en question.  Nous avons la chance d\u2019\u00eatre accompagn\u00e9s par Didier Ferrer, une figure du dressage international. Il conna\u00eet les codes, il a dirig\u00e9 les championnats d\u2019Europe, les Jeux \u00c9questres Mondiaux\u2026 C\u2019est une garantie d\u2019exigence. \u00bb<\/p>\n<\/blockquote>\n<p><img loading=\"lazy\" decoding=\"async\" width=\"2280\" height=\"1520\" src=\"https:\/\/www.europesays.com\/fr\/wp-content\/uploads\/2025\/10\/Battle-de-dressage-by-STX-ArtisteAssocie-062-2280x1520.jpg\" alt=\"\" class=\"wp-image-20114 lazyload\"  data- style=\"--smush-placeholder-width: 2280px; --smush-placeholder-aspect-ratio: 2280\/1520;\" data-pagespeed-url-hash=\"3219975393\" onload=\"pagespeed.CriticalImages.checkImageForCriticality(this);\"\/>(Le JIB avait d\u00e9j\u00e0 donn\u00e9 un avant gout du dressage \u00e0 son public avec sa \u00ab\u00a0Battle de dressage\u00a0\u00bb, \u00a9JIB)<\/p>\n<p>Cette exigence, c\u2019est la marque de fabrique bordelaise. \u00c0 chaque nouvelle discipline int\u00e9gr\u00e9e, l\u2019organisation a vis\u00e9 haut. L\u2019objectif, cette fois, est limpide :\u00a0prouver \u00e0 la FEI\u00a0que Bordeaux m\u00e9rite sa place sur le circuit Coupe du monde.<\/p>\n<blockquote class=\"wp-block-quote is-layout-flow wp-block-quote-is-layout-flow\">\n<p>\u00ab Pour rejoindre la Coupe du monde, il faut d\u2019abord faire ses preuves, rappelle Sabine Zaegel. On commence par un quatre \u00e9toiles, et ensuite seulement, on peut candidater. Nous sommes humbles, mais ambitieux. Mais d\u2019embl\u00e9e, on a voulu \u00eatre proche du niveau Coupe du monde, c\u2019est pourquoi on s\u2019impose un cahier des charges qui en est tr\u00e8s proche. \u00bb<\/p>\n<p><img loading=\"lazy\" decoding=\"async\" width=\"2280\" height=\"1520\" src=\"https:\/\/www.europesays.com\/fr\/wp-content\/uploads\/2025\/10\/Battle-de-dressage-by-STX-ArtisteAssocie-021-1-2280x1520.jpg\" alt=\"\" class=\"wp-image-20115 lazyload\"  data- style=\"--smush-placeholder-width: 2280px; --smush-placeholder-aspect-ratio: 2280\/1520;\" data-pagespeed-url-hash=\"3219975393\" onload=\"pagespeed.CriticalImages.checkImageForCriticality(this);\"\/>\n<\/p><\/blockquote>\n<p>Le public bordelais, fid\u00e8le et curieux<\/p>\n<p>Introduire le dressage \u00e0 Bordeaux, c\u2019est aussi parler \u00e0 un autre public, sans trahir celui qui a fait la r\u00e9putation du Jumping.<\/p>\n<p><img loading=\"lazy\" decoding=\"async\" width=\"2280\" height=\"1520\" src=\"https:\/\/www.europesays.com\/fr\/wp-content\/uploads\/2025\/10\/Martin-Fuchs-Conner-Jey-2-2-copie-2280x1520.jpg\" alt=\"\" class=\"wp-image-19699 lazyload\"  data- style=\"--smush-placeholder-width: 2280px; --smush-placeholder-aspect-ratio: 2280\/1520;\" data-pagespeed-url-hash=\"3219975393\" onload=\"pagespeed.CriticalImages.checkImageForCriticality(this);\"\/><\/p>\n<blockquote class=\"wp-block-quote is-layout-flow wp-block-quote-is-layout-flow\">\n<p>\u00ab Le public bordelais est passionn\u00e9, connaisseur, fid\u00e8le\u00bb, observe Sabine Zaegel. \u00ab Il est tr\u00e8s tourn\u00e9 vers le saut d\u2019obstacles, mais il se laisse embarquer d\u00e8s qu\u2019on lui propose quelque chose de fort. Quand on a introduit l\u2019attelage \u00e0 quatre chevaux, il a fallu une petite p\u00e9riode d\u2019adaptation et maintenant on peut vraiment dire que cela a pris quand on voit le public qui reste pour l\u2019attelage apr\u00e8s le Grand Prix de saut d\u2019obstacles. Le freestyle de dressage, j\u2019en suis s\u00fbre, trouvera sa place. \u00bb<\/p>\n<\/blockquote>\n<p><img loading=\"lazy\" decoding=\"async\" width=\"2280\" height=\"1520\" src=\"https:\/\/www.europesays.com\/fr\/wp-content\/uploads\/2025\/10\/Attelage-BDX-74-copie-2280x1520.jpg\" alt=\"\" class=\"wp-image-19698 lazyload\"  data- style=\"--smush-placeholder-width: 2280px; --smush-placeholder-aspect-ratio: 2280\/1520;\" data-pagespeed-url-hash=\"3219975393\" onload=\"pagespeed.CriticalImages.checkImageForCriticality(this);\"\/><\/p>\n<p>Et l\u2019enjeu est aussi plus large :<\/p>\n<blockquote class=\"wp-block-quote is-layout-flow wp-block-quote-is-layout-flow\">\n<p>\u00ab En France, il faut qu\u2019on montre que le dressage est une discipline structurante pour tout le monde \u00e9questre. Nous avons lanc\u00e9 une Battle de dressage il y a quatre ans pour le rendre plus accessible, plus fun. Le public est d\u00e9j\u00e0 sensibilis\u00e9. Et avec les bons r\u00e9sultats r\u00e9cents des Fran\u00e7ais, le moment est parfait. \u00bb<\/p>\n<\/blockquote>\n<p>Bordeaux, terre de sport et de spectacle<\/p>\n<p>Au-del\u00e0 du dressage, le programme reste taill\u00e9 pour l\u2019adr\u00e9naline.<br \/>Le\u00a0CSI5*\u00a0garde sa place centrale avec l\u2019\u00e9tape\u00a0Coupe du monde FEI Longines\u00a0du samedi soir, toujours d\u00e9cisive pour les cavaliers en qu\u00eate de points avant Fort Worth. Julien \u00c9paillard, actuel num\u00e9ro 1 fran\u00e7ais, r\u00e9sume l\u2019esprit bordelais : \u00ab Bordeaux, c\u2019est un concours \u00e0 part. Le public attend, vibre, pousse. On monte avec une pression positive. \u00bb<\/p>\n<p><img loading=\"lazy\" decoding=\"async\" width=\"2280\" height=\"1520\" src=\"https:\/\/www.europesays.com\/fr\/wp-content\/uploads\/2025\/10\/Julien-Epaillard-Donatello-dAuge-2-2280x1520.jpg\" alt=\"\" class=\"wp-image-20119 lazyload\"  data- style=\"--smush-placeholder-width: 2280px; --smush-placeholder-aspect-ratio: 2280\/1520;\" data-pagespeed-url-hash=\"3219975393\" onload=\"pagespeed.CriticalImages.checkImageForCriticality(this);\"\/><\/p>\n<blockquote class=\"wp-block-quote is-layout-flow wp-block-quote-is-layout-flow\">\n<\/blockquote>\n<p>Le\u00a0Devoucoux Indoor Derby\u00a0viendra \u00e9lectriser les tribunes, avant la\u00a0finale de la Coupe du monde d\u2019attelage \u00e0 quatre chevaux. Boyd Exell, Bram Chardon et la nouvelle g\u00e9n\u00e9ration promettent comme chaque ann\u00e9e un suspense hitchcockien.<\/p>\n<p><img loading=\"lazy\" decoding=\"async\" width=\"2280\" height=\"1520\" src=\"https:\/\/www.europesays.com\/fr\/wp-content\/uploads\/2025\/10\/104A9015-2280x1520.jpg\" alt=\"\" class=\"wp-image-20123 lazyload\"  data- style=\"--smush-placeholder-width: 2280px; --smush-placeholder-aspect-ratio: 2280\/1520;\" data-pagespeed-url-hash=\"3219975393\" onload=\"pagespeed.CriticalImages.checkImageForCriticality(this);\"\/><\/p>\n<p><img loading=\"lazy\" decoding=\"async\" width=\"2280\" height=\"801\" src=\"https:\/\/www.europesays.com\/fr\/wp-content\/uploads\/2025\/10\/Attelage-BDX-72-2280x801.jpg\" alt=\"\" class=\"wp-image-20125 lazyload\"  data- style=\"--smush-placeholder-width: 2280px; --smush-placeholder-aspect-ratio: 2280\/801;\" data-pagespeed-url-hash=\"3219975393\" onload=\"pagespeed.CriticalImages.checkImageForCriticality(this);\"\/><\/p>\n<p>Et parce qu\u2019\u00e0 Bordeaux, la performance rime toujours avec mise en sc\u00e8ne, la soir\u00e9e d\u2019ouverture du jeudi lancera les festivit\u00e9s avec\u00a0R\u00eave(s), spectacle \u00e9questre symphonique m\u00ealant chevaux, acrobates et musiciens de l\u2019Op\u00e9ra National de Bordeaux, emmen\u00e9 par\u00a0Aliz\u00e9e Froment.<\/p>\n<p>Le Salon du Cheval, c\u0153ur battant du Jumping<\/p>\n<p>Autour de la grande piste, le\u00a0Salon du Cheval\u00a0reste un pilier : plus de 230 exposants sur 30 000 m\u00b2, des animations, des d\u00e9monstrations, des comp\u00e9titions amateurs.<br \/>Un espace o\u00f9 se croisent selliers, ost\u00e9opathes \u00e9quins, formateurs et familles, dans une atmosph\u00e8re unique que les fid\u00e8les d\u00e9crivent comme un \u00ab concentr\u00e9 de passion \u00bb.<\/p>\n<p><img loading=\"lazy\" decoding=\"async\" width=\"2280\" height=\"1520\" src=\"https:\/\/www.europesays.com\/fr\/wp-content\/uploads\/2025\/10\/Martin-Fuchs-Conner-Jey-4-2-2280x1520.jpg\" alt=\"\" class=\"wp-image-20118 lazyload\"  data- style=\"--smush-placeholder-width: 2280px; --smush-placeholder-aspect-ratio: 2280\/1520;\" data-pagespeed-url-hash=\"3219975393\" onload=\"pagespeed.CriticalImages.checkImageForCriticality(this);\"\/><\/p>\n<blockquote class=\"wp-block-quote is-layout-flow wp-block-quote-is-layout-flow\">\n<p>\u00ab Chaque ann\u00e9e est un challenge, confie Sabine Zaegel. Nous avons un \u00e9quilibre fragile, il faut que tout fonctionne. Mais c\u2019est cette pression qui nous pousse \u00e0 nous r\u00e9inventer. \u00bb<\/p>\n<\/blockquote>\n<p>En route vers 2028<\/p>\n<p>Bordeaux ne fait jamais les choses \u00e0 moiti\u00e9. Apr\u00e8s avoir install\u00e9 le saut d\u2019obstacles et l\u2019attelage parmi les r\u00e9f\u00e9rences mondiales, l\u2019\u00e9v\u00e8nement se pr\u00e9pare \u00e0 \u00e9crire un nouveau chapitre.  Le 4* est une \u00e9tape n\u00e9cessaire pour pouvoir candidater. La FEI r\u00e9fl\u00e9chit actuellement \u00e0 d\u2019\u00e9ventuelles \u00e9volutions du format : la Coupe du monde de dressage n\u2019arriverait donc pas avant 2028 \u00e0 Bordeaux.<\/p>\n<p><img loading=\"lazy\" decoding=\"async\" width=\"2280\" height=\"1520\" src=\"https:\/\/www.europesays.com\/fr\/wp-content\/uploads\/2025\/10\/Cedric-Hurel-Fantasio-Floreval-Z-19-2280x1520.jpg\" alt=\"\" class=\"wp-image-20124 lazyload\"  data- style=\"--smush-placeholder-width: 2280px; --smush-placeholder-aspect-ratio: 2280\/1520;\" data-pagespeed-url-hash=\"3219975393\" onload=\"pagespeed.CriticalImages.checkImageForCriticality(this);\"\/><\/p>\n<blockquote class=\"wp-block-quote is-layout-flow wp-block-quote-is-layout-flow\">\n<p>\u00ab Si nous devons faire quelque chose pour le dressage, c\u2019est maintenant \u00bb, tranche Sabine Zaegel qui ne serait pas contre le fait d\u2019accueillir quelques pointures de la discipline d\u00e8s 2026: Pauline Basquin, Larissa Pauluis\u2026 Justin Verboomen, les noms sont l\u00e2ch\u00e9s.<br \/>Et quand on entend la conviction dans sa voix, difficile de douter que\u00a0le pari bordelais, \u00e0 terme, finira par s\u2019imposer sur la sc\u00e8ne mondiale. <\/p>\n<\/blockquote>\n<p><strong>Jumping International de Bordeaux \u2013 5 au 8 f\u00e9vrier 2026<\/strong><br \/>Billetterie ouverte depuis le 25 septembre :\u00a0<a href=\"https:\/\/billetterie.jumping-bordeaux.com\/\" target=\"_blank\" rel=\"noopener\">billetterie.jumping-bordeaux.com<\/a><\/p>\n<p>(Cover photo: Sabine Zaegel, Directrice du Jumping International de Bordeaux, \u00a9JIB)<\/p>\n","protected":false},"excerpt":{"rendered":"Du 5 au 8 f\u00e9vrier 2026, le\u00a0Jumping International de Bordeaux\u00a0ne se contentera pas de faire son show habituel.&hellip;\n","protected":false},"author":2,"featured_media":472524,"comment_status":"","ping_status":"","sticky":false,"template":"","format":"standard","meta":{"footnotes":""},"categories":[2817],"tags":[1111,11,1997,25248,1777,674,1011,27,59602,12,2219,25],"class_list":{"0":"post-472523","1":"post","2":"type-post","3":"status-publish","4":"format-standard","5":"has-post-thumbnail","7":"category-bordeaux","8":"tag-actu","9":"tag-actualites","10":"tag-bordeaux","11":"tag-dressage","12":"tag-eu","13":"tag-europe","14":"tag-fr","15":"tag-france","16":"tag-jumping-international-de-bordeaux","17":"tag-news","18":"tag-nouvelle-aquitaine","19":"tag-republique-francaise"},"share_on_mastodon":{"url":"https:\/\/pubeurope.com\/@fr\/115395334684970795","error":""},"_links":{"self":[{"href":"https:\/\/www.europesays.com\/fr\/wp-json\/wp\/v2\/posts\/472523","targetHints":{"allow":["GET"]}}],"collection":[{"href":"https:\/\/www.europesays.com\/fr\/wp-json\/wp\/v2\/posts"}],"about":[{"href":"https:\/\/www.europesays.com\/fr\/wp-json\/wp\/v2\/types\/post"}],"author":[{"embeddable":true,"href":"https:\/\/www.europesays.com\/fr\/wp-json\/wp\/v2\/users\/2"}],"replies":[{"embeddable":true,"href":"https:\/\/www.europesays.com\/fr\/wp-json\/wp\/v2\/comments?post=472523"}],"version-history":[{"count":0,"href":"https:\/\/www.europesays.com\/fr\/wp-json\/wp\/v2\/posts\/472523\/revisions"}],"wp:featuredmedia":[{"embeddable":true,"href":"https:\/\/www.europesays.com\/fr\/wp-json\/wp\/v2\/media\/472524"}],"wp:attachment":[{"href":"https:\/\/www.europesays.com\/fr\/wp-json\/wp\/v2\/media?parent=472523"}],"wp:term":[{"taxonomy":"category","embeddable":true,"href":"https:\/\/www.europesays.com\/fr\/wp-json\/wp\/v2\/categories?post=472523"},{"taxonomy":"post_tag","embeddable":true,"href":"https:\/\/www.europesays.com\/fr\/wp-json\/wp\/v2\/tags?post=472523"}],"curies":[{"name":"wp","href":"https:\/\/api.w.org\/{rel}","templated":true}]}}