{"id":472527,"date":"2025-10-18T13:11:12","date_gmt":"2025-10-18T13:11:12","guid":{"rendered":"https:\/\/www.europesays.com\/fr\/472527\/"},"modified":"2025-10-18T13:11:12","modified_gmt":"2025-10-18T13:11:12","slug":"ligue-1-toulouse-doit-faire-le-plein-de-confiance-face-a-la-lanterne-rouge","status":"publish","type":"post","link":"https:\/\/www.europesays.com\/fr\/472527\/","title":{"rendered":"Ligue 1. Toulouse doit faire le plein de confiance face \u00e0 la lanterne rouge"},"content":{"rendered":"<p>            Par<br \/>\n        <strong><br \/>\n            <a href=\"https:\/\/actu.fr\/auteur\/guillaume-laurens\" title=\"Consulter tous les articles de Guillaume Laurens\" target=\"_blank\" rel=\"noopener\">Guillaume Laurens<\/a><br \/>\n        <\/strong><\/p>\n<p>        Publi\u00e9 le<\/p>\n<p>            18 oct. 2025 \u00e0 14h22        <\/p>\n<p>C\u2019est LE match \u00e0 ne pas perdre\u2009! Le <strong><a href=\"https:\/\/actu.fr\/tag\/toulouse-football-club-tfc\" target=\"_blank\" rel=\"noopener\">Toulouse Football Club<\/a> <\/strong>re\u00e7oit le <strong>FC Metz,<\/strong> lanterne rouge, ce dimanche 19\u00a0octobre 2025, pour la 8e journ\u00e9e de Ligue\u00a01, avec l\u2019ambition de rajouter trois points au compteur.<\/p>\n<p>Des performances en dents de scie pour Toulouse<\/p>\n<p class=\" wall-content\">9e de Ligue\u00a01, le T\u00e9f\u00e9c\u00e9 affiche un bilan mitig\u00e9 de 10 points acquis en sept rencontres (trois victoires, un nul et trois d\u00e9faites). Mais de\u00a0retour sur les terrains apr\u00e8s la tr\u00eave internationale, les hommes de Carles Martinez Novell restent sur <strong>une bonne note<\/strong> en championnat, puisqu\u2019apr\u00e8s une s\u00e9rie tr\u00e8s poussive de quatre matchs sans victoire, les Violets avaient r\u00e9ussi l\u2019exploit de <strong>renverser Lyon, co-leader<\/strong>, \u00e0 la derni\u00e8re minute sur son terrain (1-2), gr\u00e2ce \u00e0 un doubl\u00e9 du jeune attaquant br\u00e9silien <strong>Emersonn<\/strong>, <a href=\"https:\/\/actu.fr\/occitanie\/toulouse_31555\/un-nouvel-attaquant-recrute-restes-sur-le-depart-la-fin-du-mercato-s-annonce-folle-pour-le-toulouse-fc_63102196.html\" target=\"_blank\" rel=\"noopener\">recrue surprise du d\u00e9but de saison<\/a> dans la Ville rose.<\/p>\n<p class=\" wall-content\">Avec l\u2019objectif de rester dans une <strong>dynamique de victoire<\/strong>, le T\u00e9f\u00e9c\u00e9, qui n\u2019a plus gagn\u00e9 au Stadium depuis la 2e journ\u00e9e et <a href=\"https:\/\/actu.fr\/occitanie\/toulouse_31555\/ligue-1-toulouse-et-franck-magri-ecrasent-brest-pour-reussir-leur-rentree-au-stadium_63071621.html\" target=\"_blank\" rel=\"noopener\">la r\u00e9ception de Brest (2-0),<\/a> aura, \u00e0 n\u2019en pas douter, \u00e0 c\u0153ur de briller devant son public.<\/p>\n<p>Un d\u00e9but de saison calamiteux pour le FC Metz<\/p>\n<p class=\" wall-content\">Quant au <strong>FC Metz<\/strong>, il a de son c\u00f4t\u00e9 sign\u00e9 une <strong>entame de saison catastrophique<\/strong>\u2009: avec deux nuls, cinq d\u00e9faites et pas la moindre victoire, les promus sont <strong>bons derniers de Ligue\u00a01,<\/strong> avec seulement 2 points au classement. Outre leur correction (3-0) re\u00e7ue derni\u00e8rement \u00e0 Marseille, les Lorrains ont perdu leurs trois rencontres \u00e0 l\u2019ext\u00e9rieur de la saison (Lyon, Paris FC et Monaco), en encaissant entre 3 et 5\u00a0buts par match.<\/p>\n<p>Faire le plein de confiance avant Monaco<\/p>\n<p class=\" wall-content\">Si Metz \u00e9tait en Ligue\u00a02 la saison derni\u00e8re, c\u2019est, sur le papier, une \u00e9quipe qui <strong>r\u00e9ussit plut\u00f4t au T\u00e9f\u00e9c\u00e9<\/strong> ces derni\u00e8res ann\u00e9es. La derni\u00e8re confrontation entre les deux clubs remonte \u00e0 janvier\u00a02024, en Lorraine, o\u00f9 <a href=\"https:\/\/actu.fr\/occitanie\/toulouse_31555\/ligue-1-precieuse-victoire-pour-toulouse-qui-sort-de-la-zone-rouge-a-metz_60561317.html\" target=\"_blank\" rel=\"noopener\">Toulouse s\u2019\u00e9tait impos\u00e9 (0-1), sortant alors d\u2019une spirale infernale<\/a>. La derni\u00e8re d\u00e9faite des <strong>Violets<\/strong> contre les <strong>Grenats<\/strong> remonte m\u00eame \u00e0 novembre\u00a02016\u2026 dans la Ville rose.<\/p>\n<p>Vid\u00e9os : en ce moment sur Actu<\/p>\n<p class=\" wall-content\">Recevoir la lanterne rouge apr\u00e8s avoir re-go\u00fbt\u00e9 au parfum de la victoire\u2026 Une belle occasion de <strong>faire le plein de confiance<\/strong>, avant d\u2019aller d\u00e9fier Monaco et de recevoir Rennes, deux grosses \u00e9curies de Ligue\u00a01.<\/p>\n<p><strong>Infos pratiques\u2009:<\/strong><br \/>Toulouse FC \u2013 FC Metz<br \/>8e journ\u00e9e de Ligue\u00a01<br \/>Dimanche 19\u00a0octobre 2025 \u00e0 17h15<br \/>En direct sur la cha\u00eene Ligue\u00a01 +<\/p>\n<p class=\" wall-content\">Personnalisez votre actualit\u00e9 en ajoutant vos villes et m\u00e9dias en favori avec <a href=\"https:\/\/moncompte.actu.fr\" title=\"D\u00e9couvez Mon Actu\" rel=\"nofollow noopener\" data-trk=\"{&quot;cta&quot;:{&quot;action&quot;:&quot;https:\\\/\\\/moncompte.actu.fr&quot;,&quot;category&quot;:&quot;mon compte&quot;,&quot;from&quot;:&quot;article footer&quot;,&quot;name&quot;:&quot;Mon actu&quot;,&quot;type&quot;:&quot;cta&quot;}}\" target=\"_blank\">Mon Actu<\/a>.<\/p>\n","protected":false},"excerpt":{"rendered":"Par Guillaume Laurens Publi\u00e9 le 18 oct. 2025 \u00e0 14h22 C\u2019est LE match \u00e0 ne pas perdre\u2009! Le&hellip;\n","protected":false},"author":2,"featured_media":472528,"comment_status":"","ping_status":"","sticky":false,"template":"","format":"standard","meta":{"footnotes":""},"categories":[2816],"tags":[1111,11,1777,674,8113,63,1011,27,66,12,2680,25,60,2312,4159],"class_list":{"0":"post-472527","1":"post","2":"type-post","3":"status-publish","4":"format-standard","5":"has-post-thumbnail","7":"category-toulouse","8":"tag-actu","9":"tag-actualites","10":"tag-eu","11":"tag-europe","12":"tag-fc-metz","13":"tag-football","14":"tag-fr","15":"tag-france","16":"tag-ligue-1","17":"tag-news","18":"tag-occitanie","19":"tag-republique-francaise","20":"tag-sports","21":"tag-toulouse","22":"tag-toulouse-football-club-tfc"},"share_on_mastodon":{"url":"https:\/\/pubeurope.com\/@fr\/115395342044564006","error":""},"_links":{"self":[{"href":"https:\/\/www.europesays.com\/fr\/wp-json\/wp\/v2\/posts\/472527","targetHints":{"allow":["GET"]}}],"collection":[{"href":"https:\/\/www.europesays.com\/fr\/wp-json\/wp\/v2\/posts"}],"about":[{"href":"https:\/\/www.europesays.com\/fr\/wp-json\/wp\/v2\/types\/post"}],"author":[{"embeddable":true,"href":"https:\/\/www.europesays.com\/fr\/wp-json\/wp\/v2\/users\/2"}],"replies":[{"embeddable":true,"href":"https:\/\/www.europesays.com\/fr\/wp-json\/wp\/v2\/comments?post=472527"}],"version-history":[{"count":0,"href":"https:\/\/www.europesays.com\/fr\/wp-json\/wp\/v2\/posts\/472527\/revisions"}],"wp:featuredmedia":[{"embeddable":true,"href":"https:\/\/www.europesays.com\/fr\/wp-json\/wp\/v2\/media\/472528"}],"wp:attachment":[{"href":"https:\/\/www.europesays.com\/fr\/wp-json\/wp\/v2\/media?parent=472527"}],"wp:term":[{"taxonomy":"category","embeddable":true,"href":"https:\/\/www.europesays.com\/fr\/wp-json\/wp\/v2\/categories?post=472527"},{"taxonomy":"post_tag","embeddable":true,"href":"https:\/\/www.europesays.com\/fr\/wp-json\/wp\/v2\/tags?post=472527"}],"curies":[{"name":"wp","href":"https:\/\/api.w.org\/{rel}","templated":true}]}}