{"id":472529,"date":"2025-10-18T13:13:20","date_gmt":"2025-10-18T13:13:20","guid":{"rendered":"https:\/\/www.europesays.com\/fr\/472529\/"},"modified":"2025-10-18T13:13:20","modified_gmt":"2025-10-18T13:13:20","slug":"previsions-du-samedi-18-octobre-2025-11","status":"publish","type":"post","link":"https:\/\/www.europesays.com\/fr\/472529\/","title":{"rendered":"pr\u00e9visions du samedi 18 octobre 2025"},"content":{"rendered":"<p class=\"mb-4 text-lg md:leading-8 break-words\"><strong>M\u00e9t\u00e9o &#8211; Le soleil se montrerait plus t\u00f4t dans la journ\u00e9e si des nuages ne g\u00eanaient pas son apparition. Les nuages seront peu \u00e0 peu visibles. Les temp\u00e9ratures seront de 12\u00b0C la matin\u00e9e et de 15\u00b0C l&rsquo;apr\u00e8s-midi&#8230;<\/strong><\/p>\n<p class=\"mb-4 text-lg md:leading-8 break-words\">Aujourd&rsquo;hui, \u00e0 Lille, l&rsquo;arriv\u00e9e du soleil sera retard\u00e9e par quelques nuages. Le temps va peu \u00e0 peu se voiler du fait de l&rsquo;arriv\u00e9e de nuages. On anticipe des valeurs avoisinant 12\u00b0C. D&rsquo;un autre c\u00f4t\u00e9, le matin, un grand soleil rayonnera. Il fera en moyenne 12\u00b0C. Un vent d&rsquo;est soufflera l\u00e9g\u00e8rement. L&rsquo;apr\u00e8s-midi, les perturbations seront toujours au rendez-vous avec des nuages. Les temp\u00e9ratures seront comprises entre 13 et 16\u00b0C. Des \u00e9claircies feront leur apparition dans la soir\u00e9e. On s&rsquo;attend \u00e0 une nuit claire entre samedi et dimanche.<\/p>\n<p class=\"mb-4 text-lg md:leading-8 break-words\">Demain, le mercure affichera 12\u00b0C en moyenne \u00e0 Lille. Une l\u00e9g\u00e8re brise de sud-est sera ressentie par les habitants. Le soleil appara\u00eet l\u00e9g\u00e8rement le matin. Ces \u00e9claircies devraient faire plaisir aux habitants. Les valeurs tourneront autour des 12\u00b0C. Dans l&rsquo;apr\u00e8s-midi, de la bruine est pr\u00e9vue. Les temp\u00e9ratures afficheront entre 12 et 14\u00b0C. De la bruine l\u00e9g\u00e8re est attendue dans la soir\u00e9e.<\/p>\n<p class=\"mb-4 text-lg md:leading-8 break-words\">Des changements sont pr\u00e9vus pour les jours \u00e0 venir. La m\u00e9t\u00e9o sera ensoleill\u00e9e lundi mais elle conna\u00eetra une d\u00e9gradation mardi.<\/p>\n<p class=\"mb-4 text-lg md:leading-8 break-words\"><a href=\"https:\/\/www.20minutes.fr\/planete\/previsions-meteo\/4180103-20251018-meteo-lille-previsions-samedi-18-octobre-2025?at_medium=RSS%20feed&amp;at_campaign=ynews&amp;utm_source=yahoo&amp;utm_medium=rss&amp;utm_campaign=news_feed&amp;utm_content=read_more_link&quot;\" rel=\"nofollow noopener\" target=\"_blank\" data-ylk=\"slk:Lire la suite sur 20minutes;elm:context_link;itc:0;sec:content-canvas\" class=\"link \">Lire la suite sur 20minutes<\/a><\/p>\n","protected":false},"excerpt":{"rendered":"M\u00e9t\u00e9o &#8211; Le soleil se montrerait plus t\u00f4t dans la journ\u00e9e si des nuages ne g\u00eanaient pas son&hellip;\n","protected":false},"author":2,"featured_media":472530,"comment_status":"","ping_status":"","sticky":false,"template":"","format":"standard","meta":{"footnotes":""},"categories":[2815],"tags":[1111,11,1777,674,1011,27,811,6172,1307,12,25],"class_list":{"0":"post-472529","1":"post","2":"type-post","3":"status-publish","4":"format-standard","5":"has-post-thumbnail","7":"category-lille","8":"tag-actu","9":"tag-actualites","10":"tag-eu","11":"tag-europe","12":"tag-fr","13":"tag-france","14":"tag-hauts-de-france","15":"tag-le-soleil","16":"tag-lille","17":"tag-news","18":"tag-republique-francaise"},"share_on_mastodon":{"url":"https:\/\/pubeurope.com\/@fr\/115395349984345183","error":""},"_links":{"self":[{"href":"https:\/\/www.europesays.com\/fr\/wp-json\/wp\/v2\/posts\/472529","targetHints":{"allow":["GET"]}}],"collection":[{"href":"https:\/\/www.europesays.com\/fr\/wp-json\/wp\/v2\/posts"}],"about":[{"href":"https:\/\/www.europesays.com\/fr\/wp-json\/wp\/v2\/types\/post"}],"author":[{"embeddable":true,"href":"https:\/\/www.europesays.com\/fr\/wp-json\/wp\/v2\/users\/2"}],"replies":[{"embeddable":true,"href":"https:\/\/www.europesays.com\/fr\/wp-json\/wp\/v2\/comments?post=472529"}],"version-history":[{"count":0,"href":"https:\/\/www.europesays.com\/fr\/wp-json\/wp\/v2\/posts\/472529\/revisions"}],"wp:featuredmedia":[{"embeddable":true,"href":"https:\/\/www.europesays.com\/fr\/wp-json\/wp\/v2\/media\/472530"}],"wp:attachment":[{"href":"https:\/\/www.europesays.com\/fr\/wp-json\/wp\/v2\/media?parent=472529"}],"wp:term":[{"taxonomy":"category","embeddable":true,"href":"https:\/\/www.europesays.com\/fr\/wp-json\/wp\/v2\/categories?post=472529"},{"taxonomy":"post_tag","embeddable":true,"href":"https:\/\/www.europesays.com\/fr\/wp-json\/wp\/v2\/tags?post=472529"}],"curies":[{"name":"wp","href":"https:\/\/api.w.org\/{rel}","templated":true}]}}