{"id":472531,"date":"2025-10-18T13:14:13","date_gmt":"2025-10-18T13:14:13","guid":{"rendered":"https:\/\/www.europesays.com\/fr\/472531\/"},"modified":"2025-10-18T13:14:13","modified_gmt":"2025-10-18T13:14:13","slug":"le-metro-marseillais-une-galerie-dart-souterraine-a-decouvrir","status":"publish","type":"post","link":"https:\/\/www.europesays.com\/fr\/472531\/","title":{"rendered":"Le m\u00e9tro marseillais, une galerie d\u2019art souterraine \u00e0 d\u00e9couvrir"},"content":{"rendered":"\n<p>Rendez-vous dimanche \u00e0 14h, au d\u00e9part de la station R\u00e9form\u00e9s-Canebi\u00e8re, avec la jeune Universit\u00e9 HLM de Marseillologie. Ses membres vous ouvriront les yeux sur l\u2019originalit\u00e9 des \u0153uvres et d\u00e9cors qui habillent, depuis 1977, les stations et qui t\u00e9moignent de l\u2019ambition d\u2019alors de faire du m\u00e9tro une galerie d\u2019art souterraine en y associant des artistes.<\/p>\n<p>Con\u00e7ues par les architectes Fernand Boukobza, Ren\u00e9 Egger, l\u2019Atelier 9, ces stations ont des qualit\u00e9s spatiales et esth\u00e9tiques remarquables propres \u00e0 la d\u00e9cennie 70-80. Mais, \u00e0 la faveur de la r\u00e9novation des rames, cette esth\u00e9tique du XXe\u00a0disparait, remplac\u00e9e par des parements uniformis\u00e9s \u00e0 la blancheur s\u00e9curitaire. \u00ab\u00a0Stop \u00e0 la r\u00e9novation moche des stations de m\u00e9tro de Marseille\u00a0!\u00a0\u00bb d\u00e9nonce d\u2019ailleurs une p\u00e9tition sur Change.org. \u00ab\u00a0Calepinages carrel\u00e9s aux palettes color\u00e9es, parcours de lumi\u00e8re tubulaires m\u00e9talliques, parois et garde-corps en inox, mobilier en coque plastique color\u00e9, hublots, stations a\u00e9riennes aux allures de vaisseaux spatiaux, etc. Que sont devenues et vont devenir les \u0153uvres d\u00e9pos\u00e9es sans aucune annonce pr\u00e9alable comme les incroyables fresques grav\u00e9es sur t\u00f4le \u00e9maill\u00e9e d\u2019Albert Jaubert \u00e0 La Joliette intitul\u00e9es\u00a0: Les Ports, qui ont tout simplement disparu\u00a0\u00bb, s\u2019inqui\u00e8te Liam McCorley, \u00e9tudiant en architecture qui plaide avec Sites\u00a0&amp;\u00a0Monuments pour la sauvegarde de ce patrimoine marseillais menac\u00e9.<\/p>\n","protected":false},"excerpt":{"rendered":"Rendez-vous dimanche \u00e0 14h, au d\u00e9part de la station R\u00e9form\u00e9s-Canebi\u00e8re, avec la jeune Universit\u00e9 HLM de Marseillologie. Ses&hellip;\n","protected":false},"author":2,"featured_media":472532,"comment_status":"","ping_status":"","sticky":false,"template":"","format":"standard","meta":{"footnotes":""},"categories":[2814],"tags":[1111,11,1180,1777,674,1011,27,884,12,882,25],"class_list":{"0":"post-472531","1":"post","2":"type-post","3":"status-publish","4":"format-standard","5":"has-post-thumbnail","7":"category-marseille","8":"tag-actu","9":"tag-actualites","10":"tag-canebiere","11":"tag-eu","12":"tag-europe","13":"tag-fr","14":"tag-france","15":"tag-marseille","16":"tag-news","17":"tag-provence-alpes-cote-dazur","18":"tag-republique-francaise"},"share_on_mastodon":{"url":"https:\/\/pubeurope.com\/@fr\/115395353933911595","error":""},"_links":{"self":[{"href":"https:\/\/www.europesays.com\/fr\/wp-json\/wp\/v2\/posts\/472531","targetHints":{"allow":["GET"]}}],"collection":[{"href":"https:\/\/www.europesays.com\/fr\/wp-json\/wp\/v2\/posts"}],"about":[{"href":"https:\/\/www.europesays.com\/fr\/wp-json\/wp\/v2\/types\/post"}],"author":[{"embeddable":true,"href":"https:\/\/www.europesays.com\/fr\/wp-json\/wp\/v2\/users\/2"}],"replies":[{"embeddable":true,"href":"https:\/\/www.europesays.com\/fr\/wp-json\/wp\/v2\/comments?post=472531"}],"version-history":[{"count":0,"href":"https:\/\/www.europesays.com\/fr\/wp-json\/wp\/v2\/posts\/472531\/revisions"}],"wp:featuredmedia":[{"embeddable":true,"href":"https:\/\/www.europesays.com\/fr\/wp-json\/wp\/v2\/media\/472532"}],"wp:attachment":[{"href":"https:\/\/www.europesays.com\/fr\/wp-json\/wp\/v2\/media?parent=472531"}],"wp:term":[{"taxonomy":"category","embeddable":true,"href":"https:\/\/www.europesays.com\/fr\/wp-json\/wp\/v2\/categories?post=472531"},{"taxonomy":"post_tag","embeddable":true,"href":"https:\/\/www.europesays.com\/fr\/wp-json\/wp\/v2\/tags?post=472531"}],"curies":[{"name":"wp","href":"https:\/\/api.w.org\/{rel}","templated":true}]}}