{"id":472539,"date":"2025-10-18T13:18:11","date_gmt":"2025-10-18T13:18:11","guid":{"rendered":"https:\/\/www.europesays.com\/fr\/472539\/"},"modified":"2025-10-18T13:18:11","modified_gmt":"2025-10-18T13:18:11","slug":"handicap-la-region-ile-de-france-cesse-de-financer-les-mdph-elus-et-associations-montent-au-creneau","status":"publish","type":"post","link":"https:\/\/www.europesays.com\/fr\/472539\/","title":{"rendered":"Handicap\u00a0: la R\u00e9gion \u00cele-de-France cesse de financer les MDPH, \u00e9lus et associations montent au cr\u00e9neau"},"content":{"rendered":"<p class=\"paragraph text_align_left lp-f-body-02\">La d\u00e9cision a suscit\u00e9 ces derni\u00e8res semaines de nombreuses critiques dans l\u2019opposition \u00e0 Val\u00e9rie P\u00e9cresse (LR). Le conseil r\u00e9gional d\u2019\u00cele-de-France qu\u2019elle pr\u00e9side a d\u00e9cid\u00e9 de mettre fin \u00e0 son soutien financier aux fonds de compensation du handicap des huit <a href=\"https:\/\/www.leparisien.fr\/hauts-de-seine-92\/la-mdph-des-hauts-de-seine-est-peut-etre-la-pire-de-france-le-ras-le-bol-des-familles-de-personnes-handicapees-04-02-2025-VG3BLYWSCFG4XHIPDIIFGRA6KQ.php\" target=\"_self\" rel=\"nofollow noopener\">Maisons d\u00e9partementales des personnes handicap\u00e9es (MDPH)<\/a> franciliennes.<\/p>\n<p class=\"paragraph text_align_left lp-f-body-02\">Ce dispositif, qu\u2019elle abondait \u00e0 hauteur de 2 millions d\u2019euros \u2014 dont 412 202 euros en 2024 rien que pour la Seine-Saint-Denis, principal b\u00e9n\u00e9ficiaire \u2014, permettait aux personnes souffrant d\u2019un handicap de b\u00e9n\u00e9ficier d\u2019une aide pour payer le reste \u00e0 charge qu\u2019elles doivent verser pour l\u2019achat d\u2019un fauteuil roulant, d\u2019une proth\u00e8se auditive ou l\u2019adaptation d\u2019un v\u00e9hicule\u2026<\/p>\n<p class=\"paragraph text_align_left lp-f-body-02\">Jeudi 16 octobre, le conseil d\u00e9partemental de Seine-Saint-Denis a vot\u00e9 un v\u0153u demandant \u00e0 la R\u00e9gion de revenir sur cette d\u00e9cision. \u00ab Avec mon vice-pr\u00e9sident et plusieurs associations, nous avions d\u00e9j\u00e0 envoy\u00e9 le 2 octobre un courrier \u00e0 Val\u00e9rie P\u00e9cresse pour lui faire part de notre inqui\u00e9tude mais nous n\u2019avons pas eu de retour pour l\u2019instant \u00bb, indique au Parisien St\u00e9phane Troussel (PS), le pr\u00e9sident du D\u00e9partement.<\/p>\n<p>Une mont\u00e9e en charge des b\u00e9n\u00e9ficiaires<\/p>\n<p class=\"paragraph text_align_left lp-f-body-02\">\u00ab Je tiens \u00e0 rappeler, poursuit-il, que cette subvention r\u00e9gionale ne couvrait en aucun point le budget de fonctionnement de notre MDPH que nous finan\u00e7ons largement (NDLR : puisque ce sont ces collectivit\u00e9s qui en ont la responsabilit\u00e9). La R\u00e9gion r\u00e9torque que sa participation n\u2019est pas obligatoire, certes, mais il y a bien d\u2019autres sujets qu\u2019elle finance sans obligation l\u00e9gale, comme <a href=\"https:\/\/www.leparisien.fr\/paris-75\/lycee-stanislas-la-region-ile-de-france-vote-une-nouvelle-dotation-a-letablissement-accuse-de-derives-30-05-2024-QZ6J6GLTVJE5NGZ3OEGCKKNPA4.php\" target=\"_self\" rel=\"nofollow noopener\">certaines subventions vers\u00e9es au lyc\u00e9e priv\u00e9 Stanislas \u00e0 Paris<\/a> ou l\u2019installation de cam\u00e9ras de surveillance pour les communes. Elle n\u2019a pas d\u00e9cid\u00e9 de les retirer au nom d\u2019\u00e9conomies budg\u00e9taires. C\u2019est donc bien un renoncement politique sur le handicap. \u00bb<\/p>\n<p class=\"paragraph text_align_left lp-f-body-02\">Pour l\u2019\u00e9lu socialiste, ce choix intervient au pire moment : \u00ab Pour le financement de l\u2019ann\u00e9e 2025, on a encore des reliquats mais nous avons justement d\u00e9velopp\u00e9 depuis un an et demi des actions d\u2019aller-vers pour faire conna\u00eetre davantage ce fonds. Nous allons donc avoir une mont\u00e9e en charge des demandes mais les financements, eux, vont baisser. \u00bb<\/p>\n<p class=\"paragraph text_align_left lp-f-body-02\">Si le conseil r\u00e9gional affirme avoir d\u00e9cid\u00e9 cette suppression en toute transparence d\u00e8s la fin 2024, le groupe d\u2019opposition de la Gauche communiste, \u00e9cologiste et citoyenne soutient le contraire. \u00ab On avait des doutes quand on a pr\u00e9par\u00e9 le budget 2025, relate C\u00e9line Malais\u00e9 (PCF). Nous avions interpell\u00e9 l\u2019ex\u00e9cutif mais on nous avait r\u00e9pondu qu\u2019on r\u00e9pandait de fausses informations. Il a donc fallu attendre d\u2019avoir des r\u00e9actions de la part des D\u00e9partements. \u00bb Depuis, <a href=\"https:\/\/www.gauchecom.fr\/petition-pour-le-maintien-des-subventions-regionales-aux-maisons-departementales-des-personnes-handicapees\/\" target=\"_self\" rel=\"nofollow noopener\">son groupe a lanc\u00e9 une p\u00e9tition<\/a> pour r\u00e9clamer le r\u00e9tablissement de ces financements qui b\u00e9n\u00e9ficient environ \u00e0 2 000 Franciliens par an.<\/p>\n<p>\u00ab Une pol\u00e9mique purement politique \u00bb<\/p>\n<p class=\"paragraph text_align_left lp-f-body-02\">La suppression de cette aide inqui\u00e8te \u00e9galement les associations. Patrice Giordano, le responsable de l\u2019engagement associatif et politique \u00e0 l\u2019antenne r\u00e9gionale d\u2019APF France Handicap, qui regroupe plus de 1 500 adh\u00e9rents franciliens, d\u00e9plore ainsi une mesure prise \u00ab sans concertation \u00bb.<\/p>\n<p class=\"paragraph text_align_left lp-f-body-02\">\u00ab Val\u00e9rie P\u00e9cresse a d\u00e9clar\u00e9 que c\u2019\u00e9tait une pol\u00e9mique purement politique mais nous avons fait part \u00e0 la R\u00e9gion de nos inqui\u00e9tudes d\u00e8s le 20 juin, bien avant que les politiques se saisissent du dossier, retrace-t-il. On sait que la situation financi\u00e8re est compliqu\u00e9e pour les collectivit\u00e9s mais le handicap est toujours la variable d\u2019ajustement ! Il aurait fallu d\u2019abord se pencher davantage sur l\u2019utilisation des fonds et voir, ensuite, s\u2019il fallait revoir les montants. \u00bb<\/p>\n<p class=\"paragraph text_align_left lp-f-body-02\">Pierre Deniziot (LR), conseiller r\u00e9gional et d\u00e9l\u00e9gu\u00e9 sp\u00e9cial au handicap, affirme justement que les financements n\u2019\u00e9taient pas toujours bien utilis\u00e9s. \u00ab Fin 2024, l\u2019\u00c9tat a souhait\u00e9 r\u00e9duire drastiquement les dotations des collectivit\u00e9s, rappelle-t-il. Nous avons pass\u00e9 en revue l\u2019ensemble de nos politiques. Le handicap n\u2019a pas \u00e9t\u00e9 cibl\u00e9 en tant que tel. Au contraire, nous avons augment\u00e9 notre budget. Mais cette subvention aux MDPH causait parfois un d\u00e9sengagement de certains d\u00e9partements qui n\u2019abondaient plus leur fonds et consacraient leur argent \u00e0 d\u2019autres politiques. Des MDPH mettaient aussi l\u2019argent de c\u00f4t\u00e9. \u00bb<\/p>\n<p class=\"paragraph text_align_left lp-f-body-02\">Face aux critiques, l\u2019\u00e9lu vante les actions de la R\u00e9gion en mati\u00e8re de handicap dans des domaines dont elle assure la gestion : \u00ab Nous avons multipli\u00e9 par deux le nombre d\u2019inscrits <a href=\"https:\/\/www.leparisien.fr\/info-paris-ile-de-france-oise\/transports\/deplacements-des-handicapes-le-pam-francilien-arrive-en-seine-et-marne-sur-fond-dinquietude-des-usagers-15-02-2024-J5WS4XFAWVGILJLU7S7SKOKCFM.php\" target=\"_self\" rel=\"nofollow noopener\">depuis qu\u2019on a r\u00e9gionalis\u00e9 le PAM<\/a> (NDLR : un service de transport \u00e0 la demande pour les personnes \u00e0 mobilit\u00e9 r\u00e9duite) et divis\u00e9 par quatre les tarifs. \u00bb<\/p>\n","protected":false},"excerpt":{"rendered":"La d\u00e9cision a suscit\u00e9 ces derni\u00e8res semaines de nombreuses critiques dans l\u2019opposition \u00e0 Val\u00e9rie P\u00e9cresse (LR). Le conseil&hellip;\n","protected":false},"author":2,"featured_media":472540,"comment_status":"","ping_status":"","sticky":false,"template":"","format":"standard","meta":{"footnotes":""},"categories":[1592],"tags":[1111,11,1777,674,1011,27,662,1944,12,626,25,1945],"class_list":{"0":"post-472539","1":"post","2":"type-post","3":"status-publish","4":"format-standard","5":"has-post-thumbnail","7":"category-ile-de-france","8":"tag-actu","9":"tag-actualites","10":"tag-eu","11":"tag-europe","12":"tag-fr","13":"tag-france","14":"tag-ile-de-france","15":"tag-ma-ville","16":"tag-news","17":"tag-paris","18":"tag-republique-francaise","19":"tag-seine-saint-denis"},"share_on_mastodon":{"url":"https:\/\/pubeurope.com\/@fr\/115395369649367802","error":""},"_links":{"self":[{"href":"https:\/\/www.europesays.com\/fr\/wp-json\/wp\/v2\/posts\/472539","targetHints":{"allow":["GET"]}}],"collection":[{"href":"https:\/\/www.europesays.com\/fr\/wp-json\/wp\/v2\/posts"}],"about":[{"href":"https:\/\/www.europesays.com\/fr\/wp-json\/wp\/v2\/types\/post"}],"author":[{"embeddable":true,"href":"https:\/\/www.europesays.com\/fr\/wp-json\/wp\/v2\/users\/2"}],"replies":[{"embeddable":true,"href":"https:\/\/www.europesays.com\/fr\/wp-json\/wp\/v2\/comments?post=472539"}],"version-history":[{"count":0,"href":"https:\/\/www.europesays.com\/fr\/wp-json\/wp\/v2\/posts\/472539\/revisions"}],"wp:featuredmedia":[{"embeddable":true,"href":"https:\/\/www.europesays.com\/fr\/wp-json\/wp\/v2\/media\/472540"}],"wp:attachment":[{"href":"https:\/\/www.europesays.com\/fr\/wp-json\/wp\/v2\/media?parent=472539"}],"wp:term":[{"taxonomy":"category","embeddable":true,"href":"https:\/\/www.europesays.com\/fr\/wp-json\/wp\/v2\/categories?post=472539"},{"taxonomy":"post_tag","embeddable":true,"href":"https:\/\/www.europesays.com\/fr\/wp-json\/wp\/v2\/tags?post=472539"}],"curies":[{"name":"wp","href":"https:\/\/api.w.org\/{rel}","templated":true}]}}