{"id":472543,"date":"2025-10-18T13:20:13","date_gmt":"2025-10-18T13:20:13","guid":{"rendered":"https:\/\/www.europesays.com\/fr\/472543\/"},"modified":"2025-10-18T13:20:13","modified_gmt":"2025-10-18T13:20:13","slug":"plus-de-1-700-amendements-deposes-par-les-groupes-a-lassemblee-nationale-avant-lexamen-en-commission-des-finances-lundi","status":"publish","type":"post","link":"https:\/\/www.europesays.com\/fr\/472543\/","title":{"rendered":"plus de 1\u00a0700\u00a0amendements d\u00e9pos\u00e9s par les groupes \u00e0 l\u2019Assembl\u00e9e nationale, avant l\u2019examen en commission des finances lundi"},"content":{"rendered":"<p>                          <img loading=\"lazy\" decoding=\"async\" src=\"https:\/\/www.europesays.com\/fr\/wp-content\/uploads\/2025\/10\/515b203_upload-1-nk8izmldmf5w-jmug251014176.jpg\" alt=\"Roland Lescure, ministre de l\u2019\u00e9conomie, des finances et de la souverainet\u00e9 industrielle, \u00e9nerg\u00e9tique et Eric Coquerel, pr\u00e9sident de la commission des finances, \u00e0 Paris, le 14\u00a0octobre\u00a02025.\"   width=\"664\" height=\"443\"\/>    Roland Lescure, ministre de l\u2019\u00e9conomie, des finances et de la souverainet\u00e9 industrielle, \u00e9nerg\u00e9tique et Eric Coquerel, pr\u00e9sident de la commission des finances, \u00e0 Paris, le 14\u00a0octobre\u00a02025.  JULIEN MUGUET POUR \u00ab\u00a0LE MONDE \u00bb                        <\/p>\n<p class=\"article__paragraph  \">L\u2019examen de la partie \u00ab\u00a0recettes\u00a0\u00bb du budget de l\u2019\u00c9tat pour 2026 d\u00e9butera lundi 20\u00a0octobre \u00e0 l\u2019Assembl\u00e9e avec peu moins d\u2019amendements que l\u2019an pass\u00e9, mais de nombreux d\u00e9bats sont \u00e0 attendre sur l\u2019imposition des hauts revenus, les niches fiscales ou la fiscalit\u00e9 environnementale.<\/p>\n<p class=\"article__paragraph  \">Dans le cadre de l\u2019examen du texte en commission des Finances, <a href=\"https:\/\/www.assemblee-nationale.fr\/dyn\/17\/amendements?dossier_legislatif=DLR5L17N52428&amp;examen=EXANR5L17PO59048B1906P1D1\" target=\"_blank\" rel=\"noopener nofollow\" title=\"Nouvelle fen\u00eatre\">les d\u00e9put\u00e9s ont d\u00e9pos\u00e9 1\u00a0710 amendements sur la premi\u00e8re partie du budget<\/a>, qui dicte les recettes dont b\u00e9n\u00e9ficiera l\u2019Etat, selon le site de la chambre basse. Il y en avait 1\u00a0857 amendements l\u2019an dernier et la question de leur recevabilit\u00e9, pourrait en r\u00e9duire le nombre d\u2019ici lundi \u00e0 9\u00a0heures, coup d\u2019envoi de trois jours d\u2019examen.<\/p>\n<p class=\"article__paragraph  \">\u00ab\u00a0Les cibles ont \u00e9t\u00e9 un peu d\u00e9pass\u00e9es mais (\u2026) cela devrait nous permettre d\u2019aller au bout, en commission, si tout le monde joue le jeu\u00a0\u00bb, commente le pr\u00e9sident La France insoumise (LFI) de la commission des finances Eric Coquerel, dont l\u2019objectif \u00e9nonc\u00e9 aux groupes parlementaires \u00e9tait de ne pas d\u00e9passer les 1\u00a0200\u00a0amendements afin de permettre aux commissaires d\u2019examiner l\u2019ensemble du budget en trois jours, avant l\u2019arriver du texte en H\u00e9micycle vendredi 24\u00a0octobre.<\/p>\n<p>                                     Lire aussi |  Article r\u00e9serv\u00e9 \u00e0 nos abonn\u00e9s  <a href=\"https:\/\/www.lemonde.fr\/societe\/article\/2025\/10\/17\/budget-2026-les-domaines-a-risque-pour-les-plus-pauvres_6647542_3224.html\" class=\"js-article-read-also catcher--favoris__link\" data-premium=\"1\" id=\"article-title-3442697\" rel=\"nofollow noopener\" target=\"_blank\">Budget\u00a02026\u00a0: les domaines \u00e0 risque pour les plus pauvres<\/a>    <\/p>\n<p>   Lire plus tard  <\/p>\n<p class=\"article__paragraph  \">Proportionnellement au nombre de d\u00e9put\u00e9s, ce sont les groupes de l\u2019alliance Rassemblement national-Union des droites pour la R\u00e9publique (UDR) qui ont d\u00e9pos\u00e9 le moins d\u2019amendements, avec environ 200. A eux seuls, les d\u00e9put\u00e9s de la Droite r\u00e9publicaine ont eux d\u00e9pos\u00e9 pr\u00e8s de 250\u00a0amendements, visant notamment \u00e0 \u00ab\u00a0defiscaliser totalement les heures suppl\u00e9mentaires\u00a0\u00bb ou encore \u00e0 \u00ab\u00a0indexer le bar\u00e8me de l\u2019imp\u00f4t sur le revenu\u00a0\u00bb.<\/p>\n<p class=\"article__paragraph  \">Du c\u00f4t\u00e9 de la gauche, les \u00ab\u00a0insoumis\u00a0\u00bb ont d\u00e9pos\u00e9 pr\u00e8s de 200\u00a0amendements, d\u00e9montrant une volont\u00e9 de ne pas obstruer les d\u00e9bats en commission, tandis que les socialistes en ont \u00e9mis autour de 190\u00a0amendements.<\/p>\n<p class=\"article__paragraph  \">Les d\u00e9put\u00e9s du groupe pr\u00e9sidentiel d\u2019Ensemble pour la R\u00e9publique pr\u00e9sid\u00e9 par Gabriel Attal ont, eux, d\u00e9pos\u00e9 plus de 300\u00a0amendements, soit le groupe qui en a pr\u00e9sent\u00e9 le plus. L\u2019unit\u00e9 de la coalition gouvernementale sera d\u2019ailleurs mise \u00e0 l\u2019\u00e9preuve, plusieurs de ses d\u00e9put\u00e9s proposant de supprimer des mesures propos\u00e9es par le gouvernement, comme la prorogation de la contribution exceptionnelle sur les hauts revenus ou l\u2019instauration d\u2019une taxe sur les \u00ab\u00a0holdings patrimoniales\u00a0\u00bb.<\/p>\n<p>                  Tour de chauffe                  <\/p>\n<p class=\"article__paragraph  \">Le passage en commission est une forme de tour de chauffe, car les d\u00e9put\u00e9s repartiront dans l\u2019h\u00e9micycle de la copie initiale du gouvernement, mais il servira de r\u00e9v\u00e9lateur des positions des diff\u00e9rents groupes.<\/p>\n<p> Newsletter  <\/p>\n<p> <a href=\"https:\/\/www.lemonde.fr\/newsletters\/politique\/\" class=\"inread__link js-services-inread-link\" target=\"_blank\" rel=\"nofollow noopener\">  <\/p>\n<p>\u00ab Politique \u00bb<\/p>\n<p>Chaque semaine, \u00ab Le Monde \u00bb analyse pour vous les enjeux de l&rsquo;actualit\u00e9 politique<\/p>\n<p>S&rsquo;inscrire<\/p>\n<p> <\/a>             <\/p>\n<p class=\"article__paragraph  \">Dans l\u2019h\u00e9micycle, les d\u00e9bats pourraient \u00eatre acharn\u00e9s en l\u2019absence de recours au 49.3, qui permet au gouvernement de faire adopter un texte sans vote. Parmi les points chauds de cette partie \u00ab\u00a0recettes\u00a0\u00bb figure l\u2019instauration d\u2019une \u00ab\u00a0taxe Zucman\u00a0\u00bb sur les hauts patrimoines ou d\u2019un \u00ab\u00a0ISF climatique\u00a0\u00bb propos\u00e9s par la gauche, ou encore un \u00ab\u00a0imp\u00f4t sur la fortune financi\u00e8re\u00a0\u00bb propos\u00e9 par le Rassemblement national.<\/p>\n<p>                                     Lire aussi |  Article r\u00e9serv\u00e9 \u00e0 nos abonn\u00e9s  <a href=\"https:\/\/www.lemonde.fr\/les-decodeurs\/article\/2025\/10\/16\/budget-2026-est-il-encore-possible-de-tenir-les-delais_6647154_4355770.html\" class=\"js-article-read-also catcher--favoris__link\" data-premium=\"1\" id=\"article-title-3442390\" rel=\"nofollow noopener\" target=\"_blank\">Budget 2026\u00a0: est-il encore possible de tenir les d\u00e9lais\u00a0?<\/a>    <\/p>\n<p>   Lire plus tard  <\/p>\n<p class=\"article__paragraph  \">D\u2019autres promettent aussi des discussions nourries, notamment la suppression de l\u2019exemption d\u2019imp\u00f4t sur les indemnit\u00e9s journali\u00e8res pour les affections de longue dur\u00e9e, l\u2019extension du malus \u00e9cologique pour certains v\u00e9hicules polluants ou la taxation des vapoteuses.<\/p>\n<p class=\"article__paragraph  \">Certains sujets vont unir ponctuellement des adversaires, puisque LFI, LR et les d\u00e9put\u00e9s ciottistes s\u2019opposeront au remplacement de l\u2019abattement de 10\u00a0% sur les retraites par un abattement forfaitaire de 2\u00a0000\u00a0euros.<\/p>\n<p class=\"author__detail\">  Le Monde avec AFP  <\/p>\n<p>                <a href=\"https:\/\/www.lemonde.fr\/syndication\/\" class=\"reuse__content\" title=\"R\u00e9utiliser ce contenu\" target=\"_blank\" rel=\"nofollow noopener\">R\u00e9utiliser ce contenu<\/a>      <\/p>\n","protected":false},"excerpt":{"rendered":"Roland Lescure, ministre de l\u2019\u00e9conomie, des finances et de la souverainet\u00e9 industrielle, \u00e9nerg\u00e9tique et Eric Coquerel, pr\u00e9sident de&hellip;\n","protected":false},"author":2,"featured_media":472544,"comment_status":"","ping_status":"","sticky":false,"template":"","format":"standard","meta":{"footnotes":""},"categories":[1888],"tags":[1111,1928,11,1927,1777,674,1011,27,12,1926,626,1925,25],"class_list":{"0":"post-472543","1":"post","2":"type-post","3":"status-publish","4":"format-standard","5":"has-post-thumbnail","7":"category-paris","8":"tag-actu","9":"tag-actu-paris","10":"tag-actualites","11":"tag-actualites-paris","12":"tag-eu","13":"tag-europe","14":"tag-fr","15":"tag-france","16":"tag-news","17":"tag-news-paris","18":"tag-paris","19":"tag-paris-news","20":"tag-republique-francaise"},"share_on_mastodon":{"url":"https:\/\/pubeurope.com\/@fr\/115395378096757832","error":""},"_links":{"self":[{"href":"https:\/\/www.europesays.com\/fr\/wp-json\/wp\/v2\/posts\/472543","targetHints":{"allow":["GET"]}}],"collection":[{"href":"https:\/\/www.europesays.com\/fr\/wp-json\/wp\/v2\/posts"}],"about":[{"href":"https:\/\/www.europesays.com\/fr\/wp-json\/wp\/v2\/types\/post"}],"author":[{"embeddable":true,"href":"https:\/\/www.europesays.com\/fr\/wp-json\/wp\/v2\/users\/2"}],"replies":[{"embeddable":true,"href":"https:\/\/www.europesays.com\/fr\/wp-json\/wp\/v2\/comments?post=472543"}],"version-history":[{"count":0,"href":"https:\/\/www.europesays.com\/fr\/wp-json\/wp\/v2\/posts\/472543\/revisions"}],"wp:featuredmedia":[{"embeddable":true,"href":"https:\/\/www.europesays.com\/fr\/wp-json\/wp\/v2\/media\/472544"}],"wp:attachment":[{"href":"https:\/\/www.europesays.com\/fr\/wp-json\/wp\/v2\/media?parent=472543"}],"wp:term":[{"taxonomy":"category","embeddable":true,"href":"https:\/\/www.europesays.com\/fr\/wp-json\/wp\/v2\/categories?post=472543"},{"taxonomy":"post_tag","embeddable":true,"href":"https:\/\/www.europesays.com\/fr\/wp-json\/wp\/v2\/tags?post=472543"}],"curies":[{"name":"wp","href":"https:\/\/api.w.org\/{rel}","templated":true}]}}