{"id":472545,"date":"2025-10-18T13:21:28","date_gmt":"2025-10-18T13:21:28","guid":{"rendered":"https:\/\/www.europesays.com\/fr\/472545\/"},"modified":"2025-10-18T13:21:28","modified_gmt":"2025-10-18T13:21:28","slug":"tido-2-0-le-mariage-damour-entre-la-droite-liberale-et-lextreme-droite","status":"publish","type":"post","link":"https:\/\/www.europesays.com\/fr\/472545\/","title":{"rendered":"Tid\u00f6 2.0, le \u00ab\u00a0mariage d\u2019amour\u00a0\u00bb entre la droite lib\u00e9rale et l\u2019extr\u00eame droite"},"content":{"rendered":"<p>                         <img loading=\"lazy\" decoding=\"async\" src=\"https:\/\/www.europesays.com\/fr\/wp-content\/uploads\/2025\/10\/be761ba_upload-1-1vtt16gyrzl1-043-sw-sslujw51c3q.jpg\" alt=\"PM Nilsson, \u00e0 Stockholm (Su\u00e8de), le 4\u00a0d\u00e9cembre\u00a02023.\"   width=\"664\" height=\"443\"\/>    PM Nilsson, \u00e0 Stockholm (Su\u00e8de), le 4\u00a0d\u00e9cembre\u00a02023.  ANNA TARNHUVUD\/SVD\/TT NEWS AGENCY\/AFP                 <\/p>\n<p class=\"article__paragraph  \">Avec ses fa\u00e7ades blanches aust\u00e8res et son toit de t\u00f4le peint en noir, le ch\u00e2teau de Tid\u00f6, situ\u00e9 pr\u00e8s de V\u00e4steras, \u00e0 120\u00a0kilom\u00e8tres \u00e0 l\u2019ouest de Stockholm, n\u2019\u00e9tait pas destin\u00e9 \u00e0 la post\u00e9rit\u00e9. L\u2019accord, sign\u00e9 entre ses murs le 14\u00a0octobre\u00a02022, l\u2019a fait sortir de l\u2019anonymat, associant son nom \u00e0 un moment de rupture majeur dans la vie politique su\u00e9doise. Ce jour-l\u00e0, le parti conservateur, les Lib\u00e9raux et les Chr\u00e9tiens-d\u00e9mocrates ont officialis\u00e9 leur alliance avec les D\u00e9mocrates de Su\u00e8de (SD), parti d\u2019extr\u00eame droite d\u2019origine n\u00e9onazie.<\/p>\n<p class=\"article__paragraph  \">Aux l\u00e9gislatives du 11\u00a0septembre\u00a02022, les trois formations n\u2019avaient remport\u00e9 que 29\u00a0% des voix. Elles avaient besoin des SD (20,5\u00a0%) pour gouverner. L\u2019accord de Tid\u00f6 a \u00e9t\u00e9 pr\u00e9sent\u00e9 comme un compromis. Les conservateurs, les Chr\u00e9tiens-d\u00e9mocrates et les Lib\u00e9raux se sont r\u00e9jouis de pouvoir mener une politique de droite lib\u00e9rale conservatrice, sans que l\u2019extr\u00eame droite n\u2019entre officiellement au gouvernement. En r\u00e9alit\u00e9, l\u2019accord faisait la part belle au programme des SD, qui ont nomm\u00e9 des repr\u00e9sentants dans quasiment tous les minist\u00e8res.<\/p>\n<p class=\"article__paragraph  \">Pendant trois ans, le premier ministre conservateur Ulf Kristersson a excus\u00e9 tous leurs d\u00e9rapages, reprenant sans g\u00eane les \u00e9l\u00e9ments de langage des SD. A un an des prochaines l\u00e9gislatives, il est temps de passer \u00e0 la vitesse sup\u00e9rieure\u00a0: le \u00ab\u00a0mariage de raison\u00a0\u00bb que constituait l\u2019accord de Tid\u00f6 doit \u00eatre transform\u00e9 en mariage \u00ab\u00a0d\u2019amour\u00a0\u00bb, plaident les repr\u00e9sentants de deux think tanks, dans un manifeste baptis\u00e9 \u00ab\u00a0Tid\u00f6 2.0\u00a0\u00bb, pr\u00e9sent\u00e9 le 23\u00a0septembre et d\u00e9j\u00e0 compar\u00e9 par ses d\u00e9tracteurs au <a href=\"https:\/\/www.lemonde.fr\/m-le-mag\/article\/2025\/06\/18\/the-heritage-foundation-les-missionnaires-du-trumpisme-a-l-assaut-de-l-europe_6614138_4500055.html\" rel=\"nofollow noopener\" target=\"_blank\">Project 2025 de la tr\u00e8s conservatrice Heritage Foundation<\/a>, aux Etats-Unis.<\/p>\n<p class=\"reading-mode-only \"><strong>Il vous reste 78.33% de cet article \u00e0 lire. La suite est r\u00e9serv\u00e9e aux abonn\u00e9s.<\/strong><\/p>\n","protected":false},"excerpt":{"rendered":"PM Nilsson, \u00e0 Stockholm (Su\u00e8de), le 4\u00a0d\u00e9cembre\u00a02023. ANNA TARNHUVUD\/SVD\/TT NEWS AGENCY\/AFP Avec ses fa\u00e7ades blanches aust\u00e8res et son&hellip;\n","protected":false},"author":2,"featured_media":472546,"comment_status":"","ping_status":"","sticky":false,"template":"","format":"standard","meta":{"footnotes":""},"categories":[1888],"tags":[1111,1928,11,1927,1777,674,1011,27,12,1926,626,1925,25],"class_list":{"0":"post-472545","1":"post","2":"type-post","3":"status-publish","4":"format-standard","5":"has-post-thumbnail","7":"category-paris","8":"tag-actu","9":"tag-actu-paris","10":"tag-actualites","11":"tag-actualites-paris","12":"tag-eu","13":"tag-europe","14":"tag-fr","15":"tag-france","16":"tag-news","17":"tag-news-paris","18":"tag-paris","19":"tag-paris-news","20":"tag-republique-francaise"},"share_on_mastodon":{"url":"https:\/\/pubeurope.com\/@fr\/115395381908876178","error":""},"_links":{"self":[{"href":"https:\/\/www.europesays.com\/fr\/wp-json\/wp\/v2\/posts\/472545","targetHints":{"allow":["GET"]}}],"collection":[{"href":"https:\/\/www.europesays.com\/fr\/wp-json\/wp\/v2\/posts"}],"about":[{"href":"https:\/\/www.europesays.com\/fr\/wp-json\/wp\/v2\/types\/post"}],"author":[{"embeddable":true,"href":"https:\/\/www.europesays.com\/fr\/wp-json\/wp\/v2\/users\/2"}],"replies":[{"embeddable":true,"href":"https:\/\/www.europesays.com\/fr\/wp-json\/wp\/v2\/comments?post=472545"}],"version-history":[{"count":0,"href":"https:\/\/www.europesays.com\/fr\/wp-json\/wp\/v2\/posts\/472545\/revisions"}],"wp:featuredmedia":[{"embeddable":true,"href":"https:\/\/www.europesays.com\/fr\/wp-json\/wp\/v2\/media\/472546"}],"wp:attachment":[{"href":"https:\/\/www.europesays.com\/fr\/wp-json\/wp\/v2\/media?parent=472545"}],"wp:term":[{"taxonomy":"category","embeddable":true,"href":"https:\/\/www.europesays.com\/fr\/wp-json\/wp\/v2\/categories?post=472545"},{"taxonomy":"post_tag","embeddable":true,"href":"https:\/\/www.europesays.com\/fr\/wp-json\/wp\/v2\/tags?post=472545"}],"curies":[{"name":"wp","href":"https:\/\/api.w.org\/{rel}","templated":true}]}}