{"id":472549,"date":"2025-10-18T13:23:13","date_gmt":"2025-10-18T13:23:13","guid":{"rendered":"https:\/\/www.europesays.com\/fr\/472549\/"},"modified":"2025-10-18T13:23:13","modified_gmt":"2025-10-18T13:23:13","slug":"national-le-paris-13-atletico-ecarte-son-entraineur-maxence-flachez","status":"publish","type":"post","link":"https:\/\/www.europesays.com\/fr\/472549\/","title":{"rendered":"National\u00a0: le Paris 13 Atletico \u00e9carte son entra\u00eeneur Maxence Flachez"},"content":{"rendered":"<p class=\"paragraph text_align_left lp-f-body-02\"><a href=\"https:\/\/www.leparisien.fr\/sports\/football\/national-zero-tir-cadre-entre-fleury-et-versailles-mauvaise-operation-pour-le-paris-13-atletico-17-10-2025-YXWYEL5NAZEGJOS32YEZILQNCY.php\" target=\"_self\" rel=\"nofollow noopener\">La d\u00e9faite (3-0) vendredi chez le leader Rouen <\/a>qui a poursuivi la mauvaise s\u00e9rie de sept matchs sans victoire <a href=\"https:\/\/www.leparisien.fr\/sports\/conditions-de-travail-ameliorees-arrivee-de-dhorasoo-le-paris-13-atletico-repart-sur-de-bonnes-bases-27-06-2025-R7EOXOVLYVAFRLSU5EXOEOVQJ4.php\" target=\"_self\" rel=\"nofollow noopener\">du Paris 13 Atletico<\/a> (4 d\u00e9faites, 3 nuls) a \u00e9t\u00e9 fatale \u00e0 Maxence Flachez. Selon nos informations, le pr\u00e9sident Fr\u00e9d\u00e9ric Pereira a re\u00e7u son entra\u00eeneur ce samedi pour lui signifier sa mise \u00e0 pied.<\/p>\n<p class=\"paragraph text_align_left lp-f-body-02\">Arriv\u00e9 au mois de mars dernier au P13A en remplacement de Fabien Valeri, pour les 9 derniers matchs de la saison (2 V, 5 N, 2 D), Maxence Flachez<a href=\"https:\/\/www.leparisien.fr\/sports\/football\/national-paris-13-atletico-assure-son-maintien-lors-de-la-derniere-journee-16-05-2025-WD6AZG6ZFRCH5DIGHB7RLQBSEI.php\" target=\"_self\" rel=\"nofollow noopener\"> avait r\u00e9ussi \u00e0 maintenir l\u2019avant-dernier budget du National.<\/a> Si cette saison semblait bien partie avec deux succ\u00e8s lors des trois premiers matchs, le Paris 13 Atletico glisse dangereusement au classement depuis plusieurs semaines.<\/p>\n<p class=\"paragraph text_align_left lp-f-body-02\">D\u00e9sormais 14e avec 9 points, il ne compte plus que 3 et 4 points d\u2019avance sur les deux rel\u00e9gables, Bourg-en-Bresse et Saint-Brieuc, ses deux prochains adversaires. Pour la r\u00e9ception d\u00e9j\u00e0 capitale de Saint-Brieuc mardi 21 octobre au stade Pel\u00e9 (19h30), c\u2019est <a href=\"https:\/\/www.leparisien.fr\/sports\/football\/football-de-joueur-a-directeur-general-namori-keita-a-le-paris-13-atletico-dans-la-peau-04-06-2024-VM4JM57HORFDPKMW6NZ3QCTHXE.php\" target=\"_self\" rel=\"nofollow noopener\">le directeur g\u00e9n\u00e9ral Namori Keita,<\/a> qui assurera l\u2019int\u00e9rim en attendant l\u2019arriv\u00e9e d\u2019un nouvel entra\u00eeneur.<\/p>\n","protected":false},"excerpt":{"rendered":"La d\u00e9faite (3-0) vendredi chez le leader Rouen qui a poursuivi la mauvaise s\u00e9rie de sept matchs sans&hellip;\n","protected":false},"author":2,"featured_media":472550,"comment_status":"","ping_status":"","sticky":false,"template":"","format":"standard","meta":{"footnotes":""},"categories":[1888],"tags":[11,1777,674,63,1011,27,12,626,25,60],"class_list":{"0":"post-472549","1":"post","2":"type-post","3":"status-publish","4":"format-standard","5":"has-post-thumbnail","7":"category-paris","8":"tag-actualites","9":"tag-eu","10":"tag-europe","11":"tag-football","12":"tag-fr","13":"tag-france","14":"tag-news","15":"tag-paris","16":"tag-republique-francaise","17":"tag-sports"},"share_on_mastodon":{"url":"https:\/\/pubeurope.com\/@fr\/115395389299701808","error":""},"_links":{"self":[{"href":"https:\/\/www.europesays.com\/fr\/wp-json\/wp\/v2\/posts\/472549","targetHints":{"allow":["GET"]}}],"collection":[{"href":"https:\/\/www.europesays.com\/fr\/wp-json\/wp\/v2\/posts"}],"about":[{"href":"https:\/\/www.europesays.com\/fr\/wp-json\/wp\/v2\/types\/post"}],"author":[{"embeddable":true,"href":"https:\/\/www.europesays.com\/fr\/wp-json\/wp\/v2\/users\/2"}],"replies":[{"embeddable":true,"href":"https:\/\/www.europesays.com\/fr\/wp-json\/wp\/v2\/comments?post=472549"}],"version-history":[{"count":0,"href":"https:\/\/www.europesays.com\/fr\/wp-json\/wp\/v2\/posts\/472549\/revisions"}],"wp:featuredmedia":[{"embeddable":true,"href":"https:\/\/www.europesays.com\/fr\/wp-json\/wp\/v2\/media\/472550"}],"wp:attachment":[{"href":"https:\/\/www.europesays.com\/fr\/wp-json\/wp\/v2\/media?parent=472549"}],"wp:term":[{"taxonomy":"category","embeddable":true,"href":"https:\/\/www.europesays.com\/fr\/wp-json\/wp\/v2\/categories?post=472549"},{"taxonomy":"post_tag","embeddable":true,"href":"https:\/\/www.europesays.com\/fr\/wp-json\/wp\/v2\/tags?post=472549"}],"curies":[{"name":"wp","href":"https:\/\/api.w.org\/{rel}","templated":true}]}}