{"id":472553,"date":"2025-10-18T13:25:11","date_gmt":"2025-10-18T13:25:11","guid":{"rendered":"https:\/\/www.europesays.com\/fr\/472553\/"},"modified":"2025-10-18T13:25:11","modified_gmt":"2025-10-18T13:25:11","slug":"guerre-en-ukraine-les-travaux-de-raccordement-ont-repris-a-la-centrale-de-zaporijjia","status":"publish","type":"post","link":"https:\/\/www.europesays.com\/fr\/472553\/","title":{"rendered":"Guerre en Ukraine\u00a0: les travaux de raccordement ont repris \u00e0 la centrale de Zaporijjia"},"content":{"rendered":"<p class=\"paragraph text_align_left lp-f-body-02\">Le plan \u00ab complexe \u00bb pour r\u00e9tablir l\u2019alimentation \u00e9lectrique de la <a href=\"https:\/\/www.leparisien.fr\/international\/territoires-centrale-de-zaporijjia-a-quoi-pourrait-ressembler-le-partage-des-avoirs-en-ukraine-17-03-2025-E2RZXR7CZFEIXF5DFIYZ3VBNLE.php\" target=\"_blank\" rel=\"noreferrer nofollow noopener\">centrale nucl\u00e9aire ukrainienne de Zaporijjia<\/a> a commenc\u00e9 \u00e0 \u00eatre mis en \u0153uvre gr\u00e2ce \u00e0 un cessez-le-feu local, a annonc\u00e9 samedi l\u2019AIEA (Agence internationale de l\u2019\u00e9nergie atomique). Cette op\u00e9ration intervient apr\u00e8s une panne record de pr\u00e8s de quatre semaines.<\/p>\n<p class=\"paragraph text_align_left lp-f-body-02\">\u00ab Les travaux ont commenc\u00e9 pour r\u00e9parer les lignes \u00e9lectriques \u00bb autour du site, a d\u00e9clar\u00e9 le directeur g\u00e9n\u00e9ral de l\u2019Agence internationale de l\u2019\u00e9nergie atomique, Rafael Grossi, sur X.<\/p>\n<p class=\"paragraph text_align_left lp-f-body-02\">Le d\u00e9marrage prochain des r\u00e9parations avait \u00e9t\u00e9 annonc\u00e9 mercredi par l\u2019agence bas\u00e9e \u00e0 Vienne, en Autriche, qui faisait pression pour rem\u00e9dier \u00e0 une situation \u00ab intenable \u00bb.<\/p>\n<p>Occup\u00e9e depuis mars 2022<\/p>\n<p class=\"paragraph text_align_left lp-f-body-02\">La plus grande centrale nucl\u00e9aire d\u2019Europe est occup\u00e9e depuis mars 2022 <a href=\"https:\/\/www.leparisien.fr\/international\/ukraine\/guerre-en-ukraine-moscou-accuse-kiev-de-mener-des-frappes-autour-de-la-centrale-de-zaporijjia-et-menace-de-riposter-02-10-2025-UIOYVCHOD5GWVM3LXX5Y7V6GA4.php\" target=\"_blank\" rel=\"noreferrer nofollow noopener\">par les forces russes<\/a>. Le 23 septembre, elle <a href=\"https:\/\/www.leparisien.fr\/international\/ukraine\/lukraine-accuse-la-russie-davoir-coupe-la-centrale-nucleaire-de-zaporijjia-du-reseau-electrique-27-09-2025-SQJ5LY2T65AQJDPIGRBG7SYCN4.php\" target=\"_blank\" rel=\"noreferrer nofollow noopener\">a perdu sa connexion au r\u00e9seau<\/a> pour la dixi\u00e8me fois et il s\u2019agit de la plus longue coupure totale d\u2019alimentation \u00e9lectrique externe depuis le d\u00e9but de l\u2019invasion russe de l\u2019Ukraine.<\/p>\n<p class=\"paragraph text_align_left lp-f-body-02\">La centrale est depuis aliment\u00e9e par sept g\u00e9n\u00e9rateurs diesel de secours et des r\u00e9parations sur les lignes \u00e9lectriques sont n\u00e9cessaires des deux c\u00f4t\u00e9s de la ligne de front \u00e0 plusieurs kilom\u00e8tres du site, selon l\u2019AIEA.<\/p>\n<p class=\"paragraph text_align_left lp-f-body-02\">L\u2019agence onusienne n\u2019a pas pr\u00e9cis\u00e9 combien de temps les travaux allaient durer, ni quand le courant serait totalement r\u00e9tabli.<\/p>\n<p class=\"title-embed-dailymotion lp-color-text lp-f-subtitle-04\">Vid\u00e9oGuerre en Ukraine : une vaste attaque de missiles et drones cette nuit sur Kiev, en partie priv\u00e9e de courant<\/p>\n<p class=\"paragraph text_align_left lp-f-body-02\">D\u2019apr\u00e8s elle, la s\u00fbret\u00e9 demeure \u00ab maintenue \u00bb, le combustible des six r\u00e9acteurs \u00e0 l\u2019arr\u00eat continuant d\u2019\u00eatre refroidi efficacement et le niveau de radioactivit\u00e9 \u00e9tant normal.<\/p>\n<p class=\"paragraph text_align_left lp-f-body-02\">Situ\u00e9e pr\u00e8s de la ville d\u2019Energodar, le long du Dniepr, la centrale nucl\u00e9aire est proche de la ligne de front. Ses six r\u00e9acteurs produisaient avant <a href=\"https:\/\/www.leparisien.fr\/international\/ukraine\/\" target=\"_blank\" rel=\"noreferrer nofollow noopener\">la guerre<\/a> environ un cinqui\u00e8me de l\u2019\u00e9lectricit\u00e9 de l\u2019Ukraine. Ils ont \u00e9t\u00e9 arr\u00eat\u00e9s apr\u00e8s la prise de contr\u00f4le par Moscou.<\/p>\n<p>Situation \u00ab sous contr\u00f4le \u00bb<\/p>\n<p class=\"paragraph text_align_left lp-f-body-02\">La centrale a besoin d\u2019\u00e9lectricit\u00e9 pour maintenir ses syst\u00e8mes de refroidissement qui emp\u00eachent un accident nucl\u00e9aire.<\/p>\n<p class=\"paragraph text_align_left lp-f-body-02\">D\u00e9but octobre, Moscou avait affirm\u00e9 que <a href=\"https:\/\/www.leparisien.fr\/international\/ukraine-pas-de-danger-immediat-a-la-centrale-nucleaire-de-zaporijjia-deconnectee-depuis-une-semaine-01-10-2025-5EXJXUI27ZDHHKWOKNBDUXIUD4.php\" target=\"_blank\" rel=\"noreferrer nofollow noopener\">la situation \u00e9tait \u00ab sous contr\u00f4le \u00bb<\/a> \u00e0 Zaporijjia, apr\u00e8s des <a href=\"https:\/\/www.leparisien.fr\/international\/ukraine\/ukraine-la-centrale-nucleaire-de-zaporijjia-deconnectee-depuis-une-semaine-zelensky-juge-la-situation-critique-30-09-2025-MET36L7XKJFMDOOGQRT2T6HQCM.php\" target=\"_blank\" rel=\"noreferrer nofollow noopener\">propos alarmants<\/a> du pr\u00e9sident ukrainien Volodymyr Zelensky.<\/p>\n<p class=\"paragraph text_align_left lp-f-body-02\">Moscou et Kiev se sont mutuellement accus\u00e9s \u00e0 plusieurs reprises de risquer une catastrophe nucl\u00e9aire en attaquant le site, et se sont renvoy\u00e9 la responsabilit\u00e9 de la d\u00e9connexion du r\u00e9seau d\u2019\u00e9lectricit\u00e9.<\/p>\n","protected":false},"excerpt":{"rendered":"Le plan \u00ab complexe \u00bb pour r\u00e9tablir l\u2019alimentation \u00e9lectrique de la centrale nucl\u00e9aire ukrainienne de Zaporijjia a commenc\u00e9&hellip;\n","protected":false},"author":2,"featured_media":472554,"comment_status":"","ping_status":"","sticky":false,"template":"","format":"standard","meta":{"footnotes":""},"categories":[1590],"tags":[11,1777,674,14,12,220],"class_list":{"0":"post-472553","1":"post","2":"type-post","3":"status-publish","4":"format-standard","5":"has-post-thumbnail","7":"category-ukraine","8":"tag-actualites","9":"tag-eu","10":"tag-europe","11":"tag-international","12":"tag-news","13":"tag-ukraine"},"share_on_mastodon":{"url":"https:\/\/pubeurope.com\/@fr\/115395397257784898","error":""},"_links":{"self":[{"href":"https:\/\/www.europesays.com\/fr\/wp-json\/wp\/v2\/posts\/472553","targetHints":{"allow":["GET"]}}],"collection":[{"href":"https:\/\/www.europesays.com\/fr\/wp-json\/wp\/v2\/posts"}],"about":[{"href":"https:\/\/www.europesays.com\/fr\/wp-json\/wp\/v2\/types\/post"}],"author":[{"embeddable":true,"href":"https:\/\/www.europesays.com\/fr\/wp-json\/wp\/v2\/users\/2"}],"replies":[{"embeddable":true,"href":"https:\/\/www.europesays.com\/fr\/wp-json\/wp\/v2\/comments?post=472553"}],"version-history":[{"count":0,"href":"https:\/\/www.europesays.com\/fr\/wp-json\/wp\/v2\/posts\/472553\/revisions"}],"wp:featuredmedia":[{"embeddable":true,"href":"https:\/\/www.europesays.com\/fr\/wp-json\/wp\/v2\/media\/472554"}],"wp:attachment":[{"href":"https:\/\/www.europesays.com\/fr\/wp-json\/wp\/v2\/media?parent=472553"}],"wp:term":[{"taxonomy":"category","embeddable":true,"href":"https:\/\/www.europesays.com\/fr\/wp-json\/wp\/v2\/categories?post=472553"},{"taxonomy":"post_tag","embeddable":true,"href":"https:\/\/www.europesays.com\/fr\/wp-json\/wp\/v2\/tags?post=472553"}],"curies":[{"name":"wp","href":"https:\/\/api.w.org\/{rel}","templated":true}]}}