{"id":472559,"date":"2025-10-18T13:28:14","date_gmt":"2025-10-18T13:28:14","guid":{"rendered":"https:\/\/www.europesays.com\/fr\/472559\/"},"modified":"2025-10-18T13:28:14","modified_gmt":"2025-10-18T13:28:14","slug":"lallemagne-est-de-retour-a-la-tete-de-serie-dans-la-coupe-du-monde-2026","status":"publish","type":"post","link":"https:\/\/www.europesays.com\/fr\/472559\/","title":{"rendered":"L&rsquo;Allemagne est de retour \u00e0 la t\u00eate de s\u00e9rie dans la Coupe du monde 2026"},"content":{"rendered":"<p>ARTA &#8211; L\u2019Espagne est toujours en t\u00eate du classement mondial de la FIFA publi\u00e9 vendredi 17 octobre 2025. Pendant ce temps, l\u2019Allemagne est \u00e0 nouveau sur la bonne voie pour devenir l\u2019\u00e9quipe t\u00eate de s\u00e9rie dans le tirage final de la Coupe du monde 2026 le 5 d\u00e9cembre 2025.<\/p>\n<p>illet est pass\u00e9 en deuxi\u00e8me place pour se retrouver en 10e place apr\u00e8s avoir remport\u00e9 une victoire cons\u00e9cutive dans le groupe A des \u00e9liminatoires de la Coupe du monde de 2026 de la zone europ\u00e9enne contre le luxembourg et l\u2019Irlande du Nord.<\/p>\n<p>illet : L&rsquo;Allemagne a perdu lors du match de qualification d&rsquo;ouverture le mois dernier contre la Slovaquie (0-2). Cependant, les troupes de Julian Nagelsmann ont remport\u00e9 trois victoires lors du match suivant pour se hisser temporairement au classement.<\/p>\n<p>r\u00e9nal de la Coupe du monde 2018 et demi-finaliste de l\u2019\u00e9dition 2022, est tomb\u00e9 \u00e0 la 11e place apr\u00e8s avoir jou\u00e9 un match nul contre la R\u00e9publique tch\u00e8que la semaine derni\u00e8re.<\/p>\n<p>an, il n&rsquo;y a pas de moyenne, mais il n&rsquo;y a pas de moyenne d&rsquo;entrer dans la liste des 12 meilleurs t\u00eate de s\u00e9rie lors du tirage de la Coupe du monde 2026.<\/p>\n<p>de la liste de t\u00eate de s\u00e9rie se compose de trois h\u00f4tes communs &#8211; les \u00c9tats-Unis, le Canada et le Mexique &#8211; ainsi que de neuf \u00e9quipes de qualification directe avec le plus haut classement dans le dernier classement FIFA pour novembre 2025.<\/p>\n<p>r\u00e9nal, l&rsquo;Italie, actuellement class\u00e9e neuvi\u00e8me au monde, se qualifiera tr\u00e8s probablement pour le tour pr\u00e9liminaire de la zone europ\u00e9enne en mars 2026.<\/p>\n<p>ero Gattuso est actuellement difficile pour les troupes de Gennaro Gattuso de briser la domination de la Norv\u00e8ge, qui est devenue le leader du groupe I des \u00e9liminatoires de la Coupe du monde 2026.<\/p>\n<p>zurri est toujours \u00e0 la deuxi\u00e8me place du classement &#8211; contre trois points de la Norv\u00e8ge &#8211; avec deux matchs restants.<\/p>\n<p>signifie que si l\u2019Italie n\u2019est pas incluse dans la liste des \u00e9quipes t\u00eate de s\u00e9rie en tirage parce qu\u2019elle n\u2019a pas r\u00e9ussi \u00e0 se qualifier directement en tant que vainqueur du groupe de qualification, l\u2019Allemagne &#8211; la 10e \u00e9quipe &#8211; sera certain de remplacer et ne rencontrera pas d\u2019autres pays t\u00eate de s\u00e9rie lors du tirage de la Coupe du monde 2026.<\/p>\n<p>Espagne surpasse l\u2019Argentine, la vainqueur en titre de la Coupe du monde, suivie de la France, de l\u2019Angleterre, du Portugal, des Pays-Bas, du Br\u00e9sil et de la Belgique \u00e0 la huiti\u00e8me place du monde.<\/p>\n<p>ination du tirage de la Coupe du monde de 2026 suivra le classement FIFA par le biais de Pot 2 et 3, tandis que le Pot 4 contiendra six \u00e9quipes de qualification directe avec le plus bas classement plus six \u00e9quipes attendant les vainqueurs du match nul en mars 2026.<\/p>\n<p>illeton : Deux autres places sont disponibles dans le brquet interconf\u00e9d\u00e9ral compos\u00e9 de six \u00e9quipes non europ\u00e9ennes, dont la Bolivie et la Nouvelle-Cal\u00e9donie qui ont obtenu ce tour.<\/p>\n<p>d\u2019octobre 2025 confirme le calendrier du match pour le brket de \u00e9limination africaine (CAF) le mois prochain pour d\u00e9terminer une \u00e9quipe qui se qualifier pour le \u00e9limination interconf\u00e9d\u00e9rationnelle. Les pires sont le Nigeria vs Gabon et le Cameroun vs le Congo.<\/p>\n<p>qu\u2019\u00e0 l\u2019AFC, l\u2019Irak et les \u00c9mirats arabes unis se bagarreront l\u2019un pour l\u2019autre pour les \u00e9liminatoires interconf\u00e9d\u00e9raux.<\/p>\n<p>The English, Chinese, Japanese, Arabic, and French versions are automatically generated by the AI. So there may still be inaccuracies in translating, please always see Indonesian as our main language.<br \/>\n                                    (system supported by DigitalSiber.id)<\/p>\n","protected":false},"excerpt":{"rendered":"ARTA &#8211; L\u2019Espagne est toujours en t\u00eate du classement mondial de la FIFA publi\u00e9 vendredi 17 octobre 2025.&hellip;\n","protected":false},"author":2,"featured_media":472560,"comment_status":"","ping_status":"","sticky":false,"template":"","format":"standard","meta":{"footnotes":""},"categories":[1587],"tags":[11,672,1804,59603,451,18833,1805,1803,123,1777,674,2269,63,38375,1801,12,51021,51020,53591,1802],"class_list":{"0":"post-472559","1":"post","2":"type-post","3":"status-publish","4":"format-standard","5":"has-post-thumbnail","7":"category-allemagne","8":"tag-actualites","9":"tag-allemagne","10":"tag-bundesrepublik-deutschland","11":"tag-classement-de-la-fifa","12":"tag-coupe-du-monde","13":"tag-coupe-du-monde-2026","14":"tag-de","15":"tag-deutschland","16":"tag-espagne","17":"tag-eu","18":"tag-europe","19":"tag-fifa","20":"tag-football","21":"tag-football-international","22":"tag-germany","23":"tag-news","24":"tag-qualification-pour-la-coupe-du-monde","25":"tag-qualification-pour-la-coupe-du-monde-2026","26":"tag-renal","27":"tag-republique-federale-dallemagne"},"share_on_mastodon":{"url":"https:\/\/pubeurope.com\/@fr\/115395408942868439","error":""},"_links":{"self":[{"href":"https:\/\/www.europesays.com\/fr\/wp-json\/wp\/v2\/posts\/472559","targetHints":{"allow":["GET"]}}],"collection":[{"href":"https:\/\/www.europesays.com\/fr\/wp-json\/wp\/v2\/posts"}],"about":[{"href":"https:\/\/www.europesays.com\/fr\/wp-json\/wp\/v2\/types\/post"}],"author":[{"embeddable":true,"href":"https:\/\/www.europesays.com\/fr\/wp-json\/wp\/v2\/users\/2"}],"replies":[{"embeddable":true,"href":"https:\/\/www.europesays.com\/fr\/wp-json\/wp\/v2\/comments?post=472559"}],"version-history":[{"count":0,"href":"https:\/\/www.europesays.com\/fr\/wp-json\/wp\/v2\/posts\/472559\/revisions"}],"wp:featuredmedia":[{"embeddable":true,"href":"https:\/\/www.europesays.com\/fr\/wp-json\/wp\/v2\/media\/472560"}],"wp:attachment":[{"href":"https:\/\/www.europesays.com\/fr\/wp-json\/wp\/v2\/media?parent=472559"}],"wp:term":[{"taxonomy":"category","embeddable":true,"href":"https:\/\/www.europesays.com\/fr\/wp-json\/wp\/v2\/categories?post=472559"},{"taxonomy":"post_tag","embeddable":true,"href":"https:\/\/www.europesays.com\/fr\/wp-json\/wp\/v2\/tags?post=472559"}],"curies":[{"name":"wp","href":"https:\/\/api.w.org\/{rel}","templated":true}]}}