{"id":472561,"date":"2025-10-18T13:29:10","date_gmt":"2025-10-18T13:29:10","guid":{"rendered":"https:\/\/www.europesays.com\/fr\/472561\/"},"modified":"2025-10-18T13:29:10","modified_gmt":"2025-10-18T13:29:10","slug":"leurope-risque-de-prendre-encore-plus-de-retard-dans-linnovation-si-elle-ne-renforce-pas-ses-droits-de-propriete-avertissent-des-experts","status":"publish","type":"post","link":"https:\/\/www.europesays.com\/fr\/472561\/","title":{"rendered":"L\u2019Europe risque de prendre encore plus de retard dans l\u2019innovation si elle ne renforce pas ses droits de propri\u00e9t\u00e9, avertissent des experts"},"content":{"rendered":"<p>Course contre la montre<\/p>\n<p>Face \u00e0 la mont\u00e9e des r\u00e9gulations et \u00e0 une protection d\u00e9clinante des droits de propri\u00e9t\u00e9, l\u2019Europe risque de perdre du terrain dans la course mondiale \u00e0 l\u2019innovation. \u00c0 l\u2019occasion de la pr\u00e9sentation de l\u2019Indice international des droits de propri\u00e9t\u00e9 2025 au Parlement europ\u00e9en, experts et parlementaires ont tir\u00e9 la sonnette d\u2019alarme. Sans un renforcement clair des droits de propri\u00e9t\u00e9, l\u2019UE pourrait compromettre sa comp\u00e9titivit\u00e9, freiner la croissance et rater le tournant des technologies de demain.<\/p>\n","protected":false},"excerpt":{"rendered":"Course contre la montre Face \u00e0 la mont\u00e9e des r\u00e9gulations et \u00e0 une protection d\u00e9clinante des droits de&hellip;\n","protected":false},"author":2,"featured_media":472562,"comment_status":"","ping_status":"","sticky":false,"template":"","format":"standard","meta":{"footnotes":""},"categories":[1586],"tags":[11,59604,6084,16280,1777,674,1011,27,5701,223,11085,12,7868,17729,25,364],"class_list":{"0":"post-472561","1":"post","2":"type-post","3":"status-publish","4":"format-standard","5":"has-post-thumbnail","7":"category-europe","8":"tag-actualites","9":"tag-cadre-legal","10":"tag-droit","11":"tag-droit-europeen","12":"tag-eu","13":"tag-europe","14":"tag-fr","15":"tag-france","16":"tag-innovation","17":"tag-intelligence-artificielle","18":"tag-legislation","19":"tag-news","20":"tag-propriete-intellectuelle","21":"tag-realite","22":"tag-republique-francaise","23":"tag-union-europeenne"},"share_on_mastodon":{"url":"https:\/\/pubeurope.com\/@fr\/115395412920935171","error":""},"_links":{"self":[{"href":"https:\/\/www.europesays.com\/fr\/wp-json\/wp\/v2\/posts\/472561","targetHints":{"allow":["GET"]}}],"collection":[{"href":"https:\/\/www.europesays.com\/fr\/wp-json\/wp\/v2\/posts"}],"about":[{"href":"https:\/\/www.europesays.com\/fr\/wp-json\/wp\/v2\/types\/post"}],"author":[{"embeddable":true,"href":"https:\/\/www.europesays.com\/fr\/wp-json\/wp\/v2\/users\/2"}],"replies":[{"embeddable":true,"href":"https:\/\/www.europesays.com\/fr\/wp-json\/wp\/v2\/comments?post=472561"}],"version-history":[{"count":0,"href":"https:\/\/www.europesays.com\/fr\/wp-json\/wp\/v2\/posts\/472561\/revisions"}],"wp:featuredmedia":[{"embeddable":true,"href":"https:\/\/www.europesays.com\/fr\/wp-json\/wp\/v2\/media\/472562"}],"wp:attachment":[{"href":"https:\/\/www.europesays.com\/fr\/wp-json\/wp\/v2\/media?parent=472561"}],"wp:term":[{"taxonomy":"category","embeddable":true,"href":"https:\/\/www.europesays.com\/fr\/wp-json\/wp\/v2\/categories?post=472561"},{"taxonomy":"post_tag","embeddable":true,"href":"https:\/\/www.europesays.com\/fr\/wp-json\/wp\/v2\/tags?post=472561"}],"curies":[{"name":"wp","href":"https:\/\/api.w.org\/{rel}","templated":true}]}}