{"id":472578,"date":"2025-10-18T13:40:13","date_gmt":"2025-10-18T13:40:13","guid":{"rendered":"https:\/\/www.europesays.com\/fr\/472578\/"},"modified":"2025-10-18T13:40:13","modified_gmt":"2025-10-18T13:40:13","slug":"ferrari-manque-de-rythme-partout","status":"publish","type":"post","link":"https:\/\/www.europesays.com\/fr\/472578\/","title":{"rendered":"Ferrari manque de rythme \u00ab\u00a0partout\u00a0\u00bb"},"content":{"rendered":"<p>Un an apr\u00e8s son doubl\u00e9 au Grand Prix des \u00c9tats-Unis, <a href=\"https:\/\/fr.motorsport.com\/team\/ferrari\/615\/\" target=\"_blank\" rel=\"noopener\">Ferrari<\/a> n&rsquo;a pas entam\u00e9 la d\u00e9fense de son troph\u00e9e de la meilleure des mani\u00e8res ce vendredi \u00e0 Austin, avec une s\u00e9ance de qualifs sprint inqui\u00e9tante. Les monoplaces de la Scuderia ont en effet d&rsquo;abord connu toutes les peines du monde \u00e0 sortir de la SQ2, <a href=\"https:\/\/fr.motorsport.com\/driver\/lewis-hamilton\/76878\/\" target=\"_blank\" rel=\"noopener\">Lewis Hamilton<\/a> se sauvant notamment pour 0&Prime;006 par rapport \u00e0 <a href=\"https:\/\/fr.motorsport.com\/driver\/kimi-antonelli\/947765\/\" target=\"_blank\" rel=\"noopener\">Kimi Antonelli<\/a>, avant que la SQ3 ne confirme l&rsquo;\u00e9cart abyssal les s\u00e9parant des meilleurs, Hamilton et <a href=\"https:\/\/fr.motorsport.com\/driver\/charles-leclerc\/109632\/\" target=\"_blank\" rel=\"noopener\">Charles Leclerc<\/a> \u00e9tant repouss\u00e9s \u00e0 neuf dixi\u00e8mes des avant-postes.<\/p>\n<p>Finalement le mieux class\u00e9 des pilotes en rouge, Hamilton s&rsquo;\u00e9lancera du huiti\u00e8me emplacement sur la grille du sprint ce samedi \u00e0 19h. Au micro de Sky Sports, il faisait le constat d&rsquo;une performance en de\u00e7\u00e0 des attentes : \u00ab\u00a0Ce n&rsquo;\u00e9tait clairement pas le rythme auquel on s&rsquo;attendait\u00a0\u00bb, a-t-il l\u00e2ch\u00e9.<\/p>\n<p>\u00ab\u00a0Tout semblait bien se passer lors des essais libres et la SQ1 semblait \u00e9galement tr\u00e8s correcte, puis tout a commenc\u00e9 \u00e0 nous \u00e9chapper. La voiture est tr\u00e8s, tr\u00e8s difficile \u00e0 piloter. Donc oui, tout nous a \u00e9chapp\u00e9. Je veux dire, huit dixi\u00e8mes [0&Prime;892, tr\u00e8s exactement], c&rsquo;est juste&#8230; c&rsquo;est une montagne \u00e0 gravir.\u00a0\u00bb<\/p>\n<p>   <img decoding=\"async\" draggable=\"false\" src=\"https:\/\/www.europesays.com\/fr\/wp-content\/uploads\/2025\/10\/1760794813_956_lewis-hamilton-ferrari.jpg\" alt=\"Lewis Hamilton (Ferrari)\" width=\"1200\" height=\"800\" loading=\"lazy\"\/> <\/p>\n<p class=\"title\">Lewis Hamilton (Ferrari)<\/p>\n<p class=\"photographer\">Photo de: Simon Galloway \/ LAT Images via Getty Images<\/p>\n<p>Dixi\u00e8me et dernier de la SQ3, Leclerc estime pour sa part avoir produit un bon tour mais que sa Ferrari manque simplement de vitesse : \u00ab\u00a0[On manque de rythme] partout, honn\u00eatement. Mon dernier tour de SQ3 \u00e9tait propre, je ne regrette pas grand-chose dans ce tour. Peut-\u00eatre un peu plus de roulage sur le [pneu] medium ce matin. On peut un peu mieux affiner [les r\u00e9glages de] la voiture, on peut peut-\u00eatre trouver un dixi\u00e8me, un dixi\u00e8me et demi avec \u00e7a. Je ne sais pas, mais \u00e7a ne suffit pas. Nous sommes trop loin derri\u00e8re d\u00e9sormais.\u00a0\u00bb<\/p>\n<p>Outre la <a href=\"https:\/\/fr.motorsport.com\/team\/red-bull\/553\/\" target=\"_blank\" rel=\"noopener\">Red Bull<\/a> de <a href=\"https:\/\/fr.motorsport.com\/driver\/max-verstappen\/93029\/\" target=\"_blank\" rel=\"noopener\">Max Verstappen<\/a>, les <a href=\"https:\/\/fr.motorsport.com\/team\/mclaren\/609\/\" target=\"_blank\" rel=\"noopener\">McLaren<\/a> et la <a href=\"https:\/\/fr.motorsport.com\/team\/mercedes\/611\/\" target=\"_blank\" rel=\"noopener\">Mercedes<\/a> de <a href=\"https:\/\/fr.motorsport.com\/driver\/george-russell\/96626\/\" target=\"_blank\" rel=\"noopener\">George Russell<\/a>, les Ferrari ont \u00e9t\u00e9 battues par la <a href=\"https:\/\/fr.motorsport.com\/team\/stake-sauber\/612\/\" target=\"_blank\" rel=\"noopener\">Stake Sauber<\/a> de <a href=\"https:\/\/fr.motorsport.com\/driver\/nico-hulkenberg\/84891\/\" target=\"_blank\" rel=\"noopener\">Nico H\u00fclkenberg<\/a>, l&rsquo;Aston Martin de <a href=\"https:\/\/fr.motorsport.com\/driver\/fernando-alonso\/76096\/\" target=\"_blank\" rel=\"noopener\">Fernando Alonso<\/a>, ainsi que la <a href=\"https:\/\/fr.motorsport.com\/team\/williams\/613\/\" target=\"_blank\" rel=\"noopener\">Williams<\/a> de Carlos Sainz ; <a href=\"https:\/\/fr.motorsport.com\/driver\/alexander-albon\/109635\/\" target=\"_blank\" rel=\"noopener\">Alexander Albon<\/a> s&rsquo;est de son c\u00f4t\u00e9 intercal\u00e9 entre les deux pilotes de la structure bas\u00e9e \u00e0 Maranello.<\/p>\n<blockquote>\n<p>Malheureusement, pour l&rsquo;instant, il semble que ce soit le potentiel de notre voiture.<\/p>\n<\/blockquote>\n<p>\u00ab\u00a0Je serai tr\u00e8s surpris que nous trouvions quelque chose qui nous fasse faire un tel bond en avant, mais j&rsquo;esp\u00e8re me tromper\u00a0\u00bb, a ajout\u00e9 Leclerc. \u00ab\u00a0Mais malheureusement, pour l&rsquo;instant, il semble que ce soit le potentiel de notre voiture. Je suis tr\u00e8s surpris par les \u00e9quipes qui sont tr\u00e8s fortes ce week-end, \u00e0 part bien s\u00fbr McLaren et Red Bull, ce qui \u00e9tait pr\u00e9visible.\u00a0\u00bb<\/p>\n<p>\u00ab\u00a0Nico est devant nous, il a probablement fait un tour incroyable, mais il a \u00e9t\u00e9 constamment rapide ce week-end. Nous devons donc comprendre s&rsquo;ils ont compris quelque chose que nous n&rsquo;avons pas compris, mais aujourd&rsquo;hui a \u00e9t\u00e9 une tr\u00e8s mauvaise journ\u00e9e.\u00a0\u00bb<\/p>\n<p style=\"text-align: right;\">Avec\u00a0Lydia Mee<\/p>\n<p>Lire aussi :<\/p>\n<p>            Votre avis nous int\u00e9resse !<\/p>\n<p class=\"mt-auto\">Qu&rsquo;aimeriez-vous voir sur Motorsport.com ?<\/p>\n<p>            <a href=\"#\" class=\"ms-link text-link font-bold\">R\u00e9pondez \u00e0 notre enqu\u00eate de 5 minutes.<\/a><\/p>\n<p class=\"mt-1 font-info text-body\">&#8211; L&rsquo;\u00e9quipe Motorsport.com<\/p>\n","protected":false},"excerpt":{"rendered":"Un an apr\u00e8s son doubl\u00e9 au Grand Prix des \u00c9tats-Unis, Ferrari n&rsquo;a pas entam\u00e9 la d\u00e9fense de son&hellip;\n","protected":false},"author":2,"featured_media":472579,"comment_status":"","ping_status":"","sticky":false,"template":"","format":"standard","meta":{"footnotes":""},"categories":[1412],"tags":[2240,2077,1451,2251,1452,1453,1454,1455,1011,27,59403,59612,1975,60],"class_list":{"0":"post-472578","1":"post","2":"type-post","3":"status-publish","4":"format-standard","5":"has-post-thumbnail","7":"category-f1","8":"tag-charles-leclerc","9":"tag-circuit-of-the-americas","10":"tag-f1","11":"tag-ferrari","12":"tag-formula-1","13":"tag-formula1","14":"tag-formule-1","15":"tag-formule1","16":"tag-fr","17":"tag-france","18":"tag-gp-des-u00c9tats-unis","19":"tag-hamilton-et-leclerc-du00e9pitu00e9su00a0-ferrari-manque-de-rythme-partout","20":"tag-lewis-hamilton","21":"tag-sports"},"share_on_mastodon":{"url":"https:\/\/pubeurope.com\/@fr\/115395456651916812","error":""},"_links":{"self":[{"href":"https:\/\/www.europesays.com\/fr\/wp-json\/wp\/v2\/posts\/472578","targetHints":{"allow":["GET"]}}],"collection":[{"href":"https:\/\/www.europesays.com\/fr\/wp-json\/wp\/v2\/posts"}],"about":[{"href":"https:\/\/www.europesays.com\/fr\/wp-json\/wp\/v2\/types\/post"}],"author":[{"embeddable":true,"href":"https:\/\/www.europesays.com\/fr\/wp-json\/wp\/v2\/users\/2"}],"replies":[{"embeddable":true,"href":"https:\/\/www.europesays.com\/fr\/wp-json\/wp\/v2\/comments?post=472578"}],"version-history":[{"count":0,"href":"https:\/\/www.europesays.com\/fr\/wp-json\/wp\/v2\/posts\/472578\/revisions"}],"wp:featuredmedia":[{"embeddable":true,"href":"https:\/\/www.europesays.com\/fr\/wp-json\/wp\/v2\/media\/472579"}],"wp:attachment":[{"href":"https:\/\/www.europesays.com\/fr\/wp-json\/wp\/v2\/media?parent=472578"}],"wp:term":[{"taxonomy":"category","embeddable":true,"href":"https:\/\/www.europesays.com\/fr\/wp-json\/wp\/v2\/categories?post=472578"},{"taxonomy":"post_tag","embeddable":true,"href":"https:\/\/www.europesays.com\/fr\/wp-json\/wp\/v2\/tags?post=472578"}],"curies":[{"name":"wp","href":"https:\/\/api.w.org\/{rel}","templated":true}]}}