{"id":472584,"date":"2025-10-18T13:43:11","date_gmt":"2025-10-18T13:43:11","guid":{"rendered":"https:\/\/www.europesays.com\/fr\/472584\/"},"modified":"2025-10-18T13:43:11","modified_gmt":"2025-10-18T13:43:11","slug":"nadiya-dit-enfin-toute-la-verite-sur-sa-disparition-depuis-dix-ans","status":"publish","type":"post","link":"https:\/\/www.europesays.com\/fr\/472584\/","title":{"rendered":"N\u00e2diya dit enfin toute la v\u00e9rit\u00e9 sur sa disparition depuis dix ans"},"content":{"rendered":"<p>Elle avait fait danser toute une g\u00e9n\u00e9ration avec ses tubes comme <strong>\u00ab Et c\u2019est parti \u00bb<\/strong> ou <strong>\u00ab Parle-moi \u00bb<\/strong>, puis plus rien. En 2008, N\u00e2diya a <strong>d\u00e9cid\u00e9 de tout stopper<\/strong>, du jour au lendemain, et sans explication claire \u00e0 l\u2019\u00e9poque.<\/p>\n<p>Aujourd\u2019hui, la chanteuse revient sur les ondes avec son <strong>nouveau single DJ<\/strong>, et elle a choisi On refait la t\u00e9l\u00e9 sur RTL pour se livrer sur les raisons de ce grand silence m\u00e9diatique. \u00ab En 2008, vous dites stop, vous arr\u00eatez tout ; pourquoi ? \u00bb, lui demande <a href=\"https:\/\/www.public.fr\/interview-1h-avec-eric-dussart-je-ne-referai-pas-de-la-tele-a-n-importe-quel-prix\" target=\"_blank\" rel=\"noopener\">\u00c9ric Dussart<\/a>.<\/p>\n<p>N\u00e2diya avait besoin de se retrouver<\/p>\n<p>La r\u00e9ponse est pleine de sinc\u00e9rit\u00e9 : \u00ab Cette histoire de centrage&#8230; J&rsquo;avais besoin de <strong>faire un focus et de profiter de ma famille<\/strong>. Ce qui a \u00e9t\u00e9 une disparition pour les m\u00e9dias, a \u00e9t\u00e9 des<strong> retrouvailles pour ma famille.<\/strong> \u00bb. Apr\u00e8s des ann\u00e9es \u00e0 encha\u00eener les succ\u00e8s et les tourn\u00e9es, elle avait besoin de se retrouver. L\u2019artiste, autrefois championne d\u2019athl\u00e9tisme, <strong>compare souvent sa carri\u00e8re \u00e0 une course de fond <\/strong>: intense, exigeante, mais aussi usante. <strong>\u00ab C\u2019est un m\u00e9tier chronophage, \u00e9nergivore, du H24 \u00bb<\/strong>, confie-t-elle, avant d\u2019ajouter : \u00ab Quand la bouteille est vide, vous n\u2019avez plus rien \u00e0 raconter. \u00bb<\/p>\n<p>Mais, la chanteuse l\u2019assure, son choix n\u2019avait rien \u00e0 voir avec une perte d\u2019envie ou de succ\u00e8s. Bien au contraire. \u00c0 l\u2019\u00e9poque, elle aurait m\u00eame pu <strong>profiter de l\u2019avance de sa maison de disques<\/strong>, mais a pr\u00e9f\u00e9r\u00e9 dire non. \u00ab Oui, j\u2019aurais pu prendre l\u2019avance de la maison de disque et faire pour faire. Non, je ne sais pas faire. Faire des chansons parce qu&rsquo;on est haut dans les charts et qu&rsquo;il va falloir cr\u00e9er quelque chose&#8230; Je ne peux pas, <strong>c\u2019est tricher pour moi<\/strong> \u00bb, explique-t-elle. C&rsquo;est une d\u00e9cision courageuse et rare, car de nombreux artistes peuvent se sentir sous pression. Mais, <a href=\"https:\/\/www.public.fr\/nadiya-remonte-sur-scene-sa-tenue-divise-les-internautes\" target=\"_blank\" rel=\"noopener\">N\u00e2diya <\/a>a pr\u00e9f\u00e9r\u00e9 rester align\u00e9e avec ses convictions.<\/p>\n<p>Son PDG de la maison de disques de l\u2019\u00e9poque l\u2019avait pourtant pr\u00e9venue en lui disant que ce choix n\u2019\u00e9tait \u00ab pas commun \u00bb. Et effectivement, la suite a \u00e9t\u00e9 une <strong>travers\u00e9e du d\u00e9sert <\/strong>de dix ans donc. <strong>N\u00e2diya a disparu des radars<\/strong>, avant de revenir en 2019, pleine d\u2019envie et de nouvelles inspirations. Sauf que tout ne s\u2019est pas pass\u00e9 comme pr\u00e9vu\u2026<\/p>\n<\/p>\n<p>N\u00e2diya, une renaissance authentique<\/p>\n<p>\u00c0 son retour, la chanteuse d\u00e9couvre que l\u2019industrie musicale a bien chang\u00e9 depuis son \u00e9poque. On lui propose alors des <strong>projets qui ne lui ressemblent pas<\/strong> et encore une fois, elle reste droite dans ses bottes : \u00ab On me propose des albums de reprises, donc ce n\u2019est pas mon histoire \u00bb, raconte-t-elle. Une proposition qu\u2019elle a imm\u00e9diatement d\u00e9clin\u00e9e.<\/p>\n<p>Aujourd\u2019hui, avec son nouveau single <strong>DJ<\/strong>, N\u00e2diya retrouve ce qui l&rsquo;a toujours fait vibrer, c&rsquo;est-\u00e0-dire <strong>la libert\u00e9 artistique<\/strong>. Apr\u00e8s une d\u00e9cennie d&rsquo;absence, elle prouve qu&rsquo;il n\u2019est jamais trop tard pour <strong>revenir \u00e0 <\/strong>sa passion. Et comme elle l&rsquo;a \u00e9crit dans l&rsquo;une de ses publications Instagram : <strong>\u00ab J&rsquo;ai la certitude que la vie est faite de cycles \u00bb.<\/strong><\/p>\n<p>      Mentionn\u00e9s dans cet article<\/p>\n<p>      Sur le m\u00eame sujet<\/p>\n","protected":false},"excerpt":{"rendered":"Elle avait fait danser toute une g\u00e9n\u00e9ration avec ses tubes comme \u00ab Et c\u2019est parti \u00bb ou \u00ab&hellip;\n","protected":false},"author":2,"featured_media":472585,"comment_status":"","ping_status":"","sticky":false,"template":"","format":"standard","meta":{"footnotes":""},"categories":[1359],"tags":[58,59,1011,27,34417,973],"class_list":{"0":"post-472584","1":"post","2":"type-post","3":"status-publish","4":"format-standard","5":"has-post-thumbnail","7":"category-people","8":"tag-divertissement","9":"tag-entertainment","10":"tag-fr","11":"tag-france","12":"tag-nadiya","13":"tag-people"},"share_on_mastodon":{"url":"https:\/\/pubeurope.com\/@fr\/115395468004877964","error":""},"_links":{"self":[{"href":"https:\/\/www.europesays.com\/fr\/wp-json\/wp\/v2\/posts\/472584","targetHints":{"allow":["GET"]}}],"collection":[{"href":"https:\/\/www.europesays.com\/fr\/wp-json\/wp\/v2\/posts"}],"about":[{"href":"https:\/\/www.europesays.com\/fr\/wp-json\/wp\/v2\/types\/post"}],"author":[{"embeddable":true,"href":"https:\/\/www.europesays.com\/fr\/wp-json\/wp\/v2\/users\/2"}],"replies":[{"embeddable":true,"href":"https:\/\/www.europesays.com\/fr\/wp-json\/wp\/v2\/comments?post=472584"}],"version-history":[{"count":0,"href":"https:\/\/www.europesays.com\/fr\/wp-json\/wp\/v2\/posts\/472584\/revisions"}],"wp:featuredmedia":[{"embeddable":true,"href":"https:\/\/www.europesays.com\/fr\/wp-json\/wp\/v2\/media\/472585"}],"wp:attachment":[{"href":"https:\/\/www.europesays.com\/fr\/wp-json\/wp\/v2\/media?parent=472584"}],"wp:term":[{"taxonomy":"category","embeddable":true,"href":"https:\/\/www.europesays.com\/fr\/wp-json\/wp\/v2\/categories?post=472584"},{"taxonomy":"post_tag","embeddable":true,"href":"https:\/\/www.europesays.com\/fr\/wp-json\/wp\/v2\/tags?post=472584"}],"curies":[{"name":"wp","href":"https:\/\/api.w.org\/{rel}","templated":true}]}}