{"id":472586,"date":"2025-10-18T13:44:11","date_gmt":"2025-10-18T13:44:11","guid":{"rendered":"https:\/\/www.europesays.com\/fr\/472586\/"},"modified":"2025-10-18T13:44:11","modified_gmt":"2025-10-18T13:44:11","slug":"gerhard-richter-lobsession-de-la-peinture-a-la-fondation-louis-vuitton","status":"publish","type":"post","link":"https:\/\/www.europesays.com\/fr\/472586\/","title":{"rendered":"Gerhard Richter, l\u2019obsession de la peinture, \u00e0 la Fondation Louis Vuitton"},"content":{"rendered":"<p>                         <img loading=\"lazy\" decoding=\"async\" src=\"https:\/\/www.europesays.com\/fr\/wp-content\/uploads\/2025\/10\/87c18c5_upload-1-zg60hz17w8px-bridgeman-4739164.JPG\" alt=\"Gerhard Richter, artiste peintre allemand, en\u00a01999.\"   width=\"664\" height=\"443\"\/>    Gerhard Richter, artiste peintre allemand, en\u00a01999.  JACQUELINE SALMON\/BRIDGEMAN IMAGES                 <\/p>\n<p class=\"article__paragraph  \">Pour esquisser un portrait de Gerhard Richter, il peut \u00eatre utile de le rapprocher de celui qui l\u2019a pr\u00e9c\u00e9d\u00e9 dans les m\u00eames salles d\u2019avril \u00e0 ao\u00fbt, le <a href=\"https:\/\/www.lemonde.fr\/culture\/article\/2025\/04\/09\/david-hockney-les-uvres-des-vingt-cinq-dernieres-annees-presentees-a-la-fondation-louis-vuitton_6592962_3246.html\" rel=\"nofollow noopener\" target=\"_blank\">Britannique David Hockney<\/a>. Ils sont presque contemporains, Richter \u00e9tant n\u00e9 en\u00a01932, Hockney en\u00a01937. Ils sont aujourd\u2019hui tr\u00e8s c\u00e9l\u00e8bres et leurs \u0153uvres tr\u00e8s recherch\u00e9es et tr\u00e8s ch\u00e8res.<\/p>\n<p class=\"article__paragraph  \">Qu\u2019ils ne se ressemblent pas, c\u2019est entendu. Hockney n\u2019a jamais renonc\u00e9 au dandysme vestimentaire, quand Richter s\u2019habille comme un magistrat ou un banquier. Le premier est disert et re\u00e7oit dans son atelier. Le second est peu affable et se borne \u00e0 r\u00e9pondre aux questions qui lui sont pos\u00e9es de fa\u00e7on laconique. Cette r\u00e9serve pourrait s\u2019expliquer pour partie par sa premi\u00e8re \u00e9ducation\u00a0: Richter a connu deux totalitarismes. N\u00e9 \u00e0 Dresde en\u00a01932, il a subi le nazisme, puis le communisme, et n\u2019est pass\u00e9 en Allemagne de l\u2019Ouest qu\u2019en\u00a01961, \u00e0 29\u00a0ans.<\/p>\n<p class=\"reading-mode-only \"><strong>Il vous reste 82.6% de cet article \u00e0 lire. La suite est r\u00e9serv\u00e9e aux abonn\u00e9s.<\/strong><\/p>\n","protected":false},"excerpt":{"rendered":"Gerhard Richter, artiste peintre allemand, en\u00a01999. JACQUELINE SALMON\/BRIDGEMAN IMAGES Pour esquisser un portrait de Gerhard Richter, il peut&hellip;\n","protected":false},"author":2,"featured_media":472587,"comment_status":"","ping_status":"","sticky":false,"template":"","format":"standard","meta":{"footnotes":""},"categories":[1358],"tags":[1348,1384,1385,1386,58,59,1011,27],"class_list":{"0":"post-472586","1":"post","2":"type-post","3":"status-publish","4":"format-standard","5":"has-post-thumbnail","7":"category-arts-et-design","8":"tag-arts","9":"tag-arts-and-design","10":"tag-arts-et-design","11":"tag-design","12":"tag-divertissement","13":"tag-entertainment","14":"tag-fr","15":"tag-france"},"share_on_mastodon":{"url":"https:\/\/pubeurope.com\/@fr\/115395472571924284","error":""},"_links":{"self":[{"href":"https:\/\/www.europesays.com\/fr\/wp-json\/wp\/v2\/posts\/472586","targetHints":{"allow":["GET"]}}],"collection":[{"href":"https:\/\/www.europesays.com\/fr\/wp-json\/wp\/v2\/posts"}],"about":[{"href":"https:\/\/www.europesays.com\/fr\/wp-json\/wp\/v2\/types\/post"}],"author":[{"embeddable":true,"href":"https:\/\/www.europesays.com\/fr\/wp-json\/wp\/v2\/users\/2"}],"replies":[{"embeddable":true,"href":"https:\/\/www.europesays.com\/fr\/wp-json\/wp\/v2\/comments?post=472586"}],"version-history":[{"count":0,"href":"https:\/\/www.europesays.com\/fr\/wp-json\/wp\/v2\/posts\/472586\/revisions"}],"wp:featuredmedia":[{"embeddable":true,"href":"https:\/\/www.europesays.com\/fr\/wp-json\/wp\/v2\/media\/472587"}],"wp:attachment":[{"href":"https:\/\/www.europesays.com\/fr\/wp-json\/wp\/v2\/media?parent=472586"}],"wp:term":[{"taxonomy":"category","embeddable":true,"href":"https:\/\/www.europesays.com\/fr\/wp-json\/wp\/v2\/categories?post=472586"},{"taxonomy":"post_tag","embeddable":true,"href":"https:\/\/www.europesays.com\/fr\/wp-json\/wp\/v2\/tags?post=472586"}],"curies":[{"name":"wp","href":"https:\/\/api.w.org\/{rel}","templated":true}]}}