{"id":472588,"date":"2025-10-18T13:45:28","date_gmt":"2025-10-18T13:45:28","guid":{"rendered":"https:\/\/www.europesays.com\/fr\/472588\/"},"modified":"2025-10-18T13:45:28","modified_gmt":"2025-10-18T13:45:28","slug":"24-heures-du-livre-du-chambon-sur-lignon-sophie-demange-laureate-fetee-du-prix-du-premier-roman","status":"publish","type":"post","link":"https:\/\/www.europesays.com\/fr\/472588\/","title":{"rendered":"24 heures du livre du Chambon-sur-Lignon : Sophie Demange laur\u00e9ate f\u00eat\u00e9e du Prix du premier roman"},"content":{"rendered":"<p>\t\t\t\t\t\t\t\t\t\t\t\t\t\t\t\t\t\t\t\t\t\t\t\t\t\t\t\t\t\t\t\t\t\t\t\t\t\t\t\t\t\t\t\t\t\t\t\t\t\t\t\t\t\t\t\t\t\t\t\t\t\t\t<a href=\"https:\/\/www.lacommere43.fr\/component\/banners\/click\/1830.html\" target=\"_blank\" title=\"Automnal gourmand octobre 2025\" rel=\"noopener\"><br \/>\n\t\t\t\t\t\t\t<img decoding=\"async\" loading=\"lazy\" src=\"https:\/\/www.europesays.com\/fr\/wp-content\/uploads\/2025\/10\/Carr_Commre_43.jpg\" alt=\"Automnal gourmand octobre 2025\"\/><br \/>\n\t\t\t\t\t\t<\/a><\/p>\n<p>\t\t\t\t\t\t\t\t\t\t\t\t\t\t\t\t\t\t\t\t\t\t\t\t\t\t\t\t\t\t\t\t\t\t\t\t\t\t\t\t\t\t\t\t\t\t\t\t\t\t\t\t\t\t\t\t\t\t\t\t\t\t\t<a href=\"https:\/\/www.lacommere43.fr\/component\/banners\/click\/1838.html\" target=\"_blank\" title=\"Chevalier Fr\u00e8res octobre 2025\" rel=\"noopener\"><br \/>\n\t\t\t\t\t\t\t<img decoding=\"async\" loading=\"lazy\" src=\"https:\/\/www.europesays.com\/fr\/wp-content\/uploads\/2025\/10\/chevalier-2025-toussaint.gif\" alt=\"Chevalier Fr\u00e8res octobre 2025\"\/><br \/>\n\t\t\t\t\t\t<\/a><\/p>\n<p><strong>Apr\u00e8s la remise du Prix du premier roman vendredi \u00e0 Sophie Demange, Les 24 heures du livre du Chambon-sur-Lignon se poursuivent samedi et dimanche avec des rencontres litt\u00e9raires gratuites au Chambon, et une lecture musicale samedi soir au Mazet-Saint-Voy.<\/strong><\/p>\n<p>Vendredi<strong>\u00a0<\/strong>salle de la Gare au Chambon-sur-Lignon, en fin d&rsquo;apr\u00e8s-midi, le public avait r\u00e9pondu pr\u00e9sent rendez-vous avec Sophie Demange, la laur\u00e9ate du Prix du premier roman 2025 avant la remise officielle du prix \u00e0 19 h 30 \u00e0 la mairie. Sophie Demange a s\u00e9duit le jury pour s<a href=\"https:\/\/www.lacommere43.fr\/haut-lignon\/item\/77460-le-chambon-sur-lignon-le-mazet-les-24-heures-du-livre.html\" target=\"_blank\" rel=\"noopener\">on livre \u00ab\u00a0Les Bouch\u00e8res\u00a0\u00bb,<\/a> paru aux \u00e9ditions de l\u2019Iconoclaste, volontiers d\u00e9crit comme f\u00e9ministe, explosif et jubilatoire, salu\u00e9 comme une fable d\u00e9cal\u00e9e, amorale.<\/p>\n<p>L\u2019autrice, n\u00e9e en 1983, habite Rouen, n\u2019est pas bouch\u00e8re, mais d\u00e9coupe les chapitres et les personnages comme personne. Directrice au sein d\u2019un \u00e9tablissement m\u00e9dico-social, elle est confront\u00e9e \u00e0 la violence faite aux femmes et aux enfants.\u00a0<br \/><strong><br \/>A suivre ce samedi<\/strong><\/p>\n<p><strong>A 15 h 30<\/strong>, \u00e0 la salle de la Gare, Denis Infante, pr\u00e9sente \u00ab\u00a0Rousse ou les beaux habitants de l\u2019univers\u00a0\u00bb paru aux \u00e9ditions Tristram. Denis Infante a \u00e9t\u00e9 agriculteur, \u00e9leveur, b\u00fbcheron, ma\u00e7on\u2026 avant de se mettre \u00e0 \u00e9crire. Il n\u2019a plus cess\u00e9 de raconter des histoires, d\u2019inventer des vies. Rousse raconte l\u2019histoire d\u2019une jeune renarde sur une terre que l\u2019homme semble avoir d\u00e9sert\u00e9e.<\/p>\n<p><strong>A 17 h 30<\/strong>, direction l&rsquo;EAC Les Roches pour une premi\u00e8re rencontre avec la Lig\u00e9rienne Corinne Royer autour de son livre \u00ab\u00a0Ceux du lac\u00a0\u00bb (\u00e9ditions Seuil) en compagnie de Mireille Paolini, directrice litt\u00e9raire aux \u00e9ditions Seuil. Inspir\u00e9 d\u2019une histoire vraie, \u00ab\u00a0Ceux du lac\u00a0\u00bb raconte l\u2019impossible adieu d\u2019une famille tzigane \u00e0 un royaume qui lui est d\u00e9sormais interdit.<\/p>\n<p><strong>A 20 h 30<\/strong>, on se rue au Calibert au Mazet-Saint-Voy, pour une heureuse proposition en partenariat avec Calibert en Sc\u00e8ne, une lecture musicale autour de Jack London \u00ab La Ru\u00e9e vers Jack \u00bb.\u00a0Avec le com\u00e9dien Marc Roger et le musicien Terry Brisack, pour des notes blues et country, au diapason du Grand Nord et de la vie de Jack London. Cette lecture musicale commence par un portrait de Jack London, sign\u00e9 Michel Lebris, suivi d\u2019extraits de trois livres de cet \u00e9crivain hors norme que fut Jack London : \u00ab\u00a0Martin Eden\u00a0\u00bb, \u00ab\u00a0Construire un feu\u00a0\u00bb, \u00ab\u00a0John Barleycorn\u00a0\u00bb.<\/p>\n<p>Pour un public adultes (environ 60 minutes). Tarif 14 \u20ac (r\u00e9duit 8 \u20ac). A noter l&rsquo;accueil d\u00e8s 19 heures autour de sympathiques formules de petite restauration (soupe, croque-monsieur, fromage blanc).<\/p>\n<p><strong>Dimanche 19 octobre<\/strong>, retour aux Roches au Chambon-sur-Lignon, \u00e0 15 heures, pour d\u00e9couvrir l&rsquo;univers de Gr\u00e9gory Buchet. Cet artiste plasticien et \u00e9crivain vit et travaille \u00e0 Lille. Il pr\u00e9sentera \u00ab\u00a0Malakoff\u00a0\u00bb (\u00e9ditions Gallimard), son premier roman. Fascin\u00e9 depuis l\u2019adolescence par l\u2019\u0153uvre de Sam Szafran d\u00e9couvert dans les pages d\u2019un catalogue d\u2019exposition, l\u2019auteur tient le journal d\u2019une errance suburbaine et de son d\u00e9sir d\u2019une hypoth\u00e9tique rencontre avec Szafran lors d\u2019une r\u00e9sidence d\u2019artiste dans la ville de Malakoff.\u00a0<\/p>\n","protected":false},"excerpt":{"rendered":"Apr\u00e8s la remise du Prix du premier roman vendredi \u00e0 Sophie Demange, Les 24 heures du livre du&hellip;\n","protected":false},"author":2,"featured_media":472589,"comment_status":"","ping_status":"","sticky":false,"template":"","format":"standard","meta":{"footnotes":""},"categories":[1357],"tags":[2281,1379,58,59,2282,1011,27,2280,2284,2285,2283,1380],"class_list":{"0":"post-472588","1":"post","2":"type-post","3":"status-publish","4":"format-standard","5":"has-post-thumbnail","7":"category-livres","8":"tag-actualite-43","9":"tag-books","10":"tag-divertissement","11":"tag-entertainment","12":"tag-faits-divers-auvergne","13":"tag-fr","14":"tag-france","15":"tag-information-haute-loire","16":"tag-infos-43","17":"tag-journal-haute-loire","18":"tag-la-commere-43","19":"tag-livres"},"share_on_mastodon":{"url":"https:\/\/pubeurope.com\/@fr\/115395476018625304","error":""},"_links":{"self":[{"href":"https:\/\/www.europesays.com\/fr\/wp-json\/wp\/v2\/posts\/472588","targetHints":{"allow":["GET"]}}],"collection":[{"href":"https:\/\/www.europesays.com\/fr\/wp-json\/wp\/v2\/posts"}],"about":[{"href":"https:\/\/www.europesays.com\/fr\/wp-json\/wp\/v2\/types\/post"}],"author":[{"embeddable":true,"href":"https:\/\/www.europesays.com\/fr\/wp-json\/wp\/v2\/users\/2"}],"replies":[{"embeddable":true,"href":"https:\/\/www.europesays.com\/fr\/wp-json\/wp\/v2\/comments?post=472588"}],"version-history":[{"count":0,"href":"https:\/\/www.europesays.com\/fr\/wp-json\/wp\/v2\/posts\/472588\/revisions"}],"wp:featuredmedia":[{"embeddable":true,"href":"https:\/\/www.europesays.com\/fr\/wp-json\/wp\/v2\/media\/472589"}],"wp:attachment":[{"href":"https:\/\/www.europesays.com\/fr\/wp-json\/wp\/v2\/media?parent=472588"}],"wp:term":[{"taxonomy":"category","embeddable":true,"href":"https:\/\/www.europesays.com\/fr\/wp-json\/wp\/v2\/categories?post=472588"},{"taxonomy":"post_tag","embeddable":true,"href":"https:\/\/www.europesays.com\/fr\/wp-json\/wp\/v2\/tags?post=472588"}],"curies":[{"name":"wp","href":"https:\/\/api.w.org\/{rel}","templated":true}]}}