{"id":472590,"date":"2025-10-18T13:46:11","date_gmt":"2025-10-18T13:46:11","guid":{"rendered":"https:\/\/www.europesays.com\/fr\/472590\/"},"modified":"2025-10-18T13:46:11","modified_gmt":"2025-10-18T13:46:11","slug":"cest-catastrophique-cyril-hanouna-a-bien-cru-quil-allait-y-passer","status":"publish","type":"post","link":"https:\/\/www.europesays.com\/fr\/472590\/","title":{"rendered":"\u201cC&rsquo;est catastrophique\u201d : Cyril Hanouna a bien cru qu\u2019il allait y passer"},"content":{"rendered":"<p><a href=\"http:\/\/closermag.fr\/people\/on-saime-cyril-hanouna-sous-le-charme-dune-animatrice-tele-lanimateur-senflamme-en-direct-3587144\" target=\"_blank\" rel=\"noopener\"><br \/>\nL&rsquo;animateur vedette<\/a> n&rsquo;est pas pr\u00e8s d&rsquo;oublier cette journ\u00e9e o\u00f9<br \/>\nil a cru sa derni\u00e8re heure arriv\u00e9e. Invit\u00e9 \u00e0 se confier sur les<br \/>\nondes de Fun Radio ce vendredi 17 octobre, le pr\u00e9sentateur de Tout<br \/>\nbeau, tout fun a fait une confidence surprenante \u00e0 ses auditeurs.<br \/>\nAlors qu&rsquo;il \u00e9voquait les r\u00e9cents soucis de sant\u00e9 de son chroniqueur<br \/>\nRaymond Aabou, Baba a replong\u00e9 dans un \u00e9pisode personnel<br \/>\nparticuli\u00e8rement angoissant.<\/p>\n<p>Une consultation de routine qui vire au cauchemar<\/p>\n<p>Tout commence de mani\u00e8re anodine. <a href=\"https:\/\/www.closermag.fr\/people\/cyril-hanouna-a-quoi-ressemble-sa-magnifique-maison-de-saint-tropez-3460760\" target=\"_blank\" rel=\"noopener\"><br \/>\nL&rsquo;homme de t\u00e9l\u00e9vision<\/a> doit passer un \u00e9lectrocardiogramme dans<br \/>\nle cadre d&rsquo;une comp\u00e9tition sportive. Direction une clinique pour<br \/>\ncet examen de contr\u00f4le qui, \u00e0 priori, ne devait \u00eatre qu&rsquo;une<br \/>\nformalit\u00e9.<\/p>\n<p>Pourtant, le praticien qui le re\u00e7oit adopte rapidement une<br \/>\nattitude inhabituelle. Apr\u00e8s avoir r\u00e9alis\u00e9 le test, le m\u00e9decin lui<br \/>\nremet les r\u00e9sultats en lui indiquant qu&rsquo;il sera n\u00e9cessaire d&rsquo;en<br \/>\neffectuer un second. Cette remarque suffit \u00e0 alerter l&rsquo;animateur,<br \/>\nqui comprend que quelque chose ne tourne pas rond.<\/p>\n<p>Inquiet, <a href=\"https:\/\/www.closermag.fr\/people\/retraites-cyril-hanouna-semble-en-savoir-bien-plus-que-nous-sur-lavenir-de-la-reforme-3585650\" target=\"_blank\" rel=\"noopener\"><br \/>\nl&rsquo;ex-animateur de TPMP<\/a> d\u00e9cide de solliciter l&rsquo;avis de son p\u00e8re,<br \/>\nlui-m\u00eame m\u00e9decin. La r\u00e9action de ce dernier le plonge dans<br \/>\nl&rsquo;angoisse la plus totale. Face aux courbes trac\u00e9es sur le document<br \/>\nm\u00e9dical, le verdict tombe comme un couperet.<\/p>\n<p>\u00ab\u00a0Un mec qui a un \u00e9lectrocardiogramme comme \u00e7a, il ne peut pas<br \/>\nfaire deux pas dans la rue\u00a0\u00bb<\/p>\n<p>Les mots du p\u00e8re de l&rsquo;animateur r\u00e9sonnent encore dans sa<br \/>\nm\u00e9moire. Apr\u00e8s avoir examin\u00e9 attentivement les r\u00e9sultats, celui-ci<br \/>\nlui aurait notamment d\u00e9clar\u00e9 : \u00a0\u00bb C&rsquo;est catastrophique. Un mec<br \/>\nqui a un \u00e9lectrocardiogramme comme \u00e7a, il ne peut pas faire deux<br \/>\npas dans la rue.\u00a0\u00bb<\/p>\n<p>Une sentence terrifiante pour <a href=\"https:\/\/www.closermag.fr\/people\/cyril-hanouna-honteux-son-equipe-a-tres-mal-reagi-sur-le-tournage-du-prochain-film-avec-pierre-niney-3585510\" target=\"_blank\" rel=\"noopener\"><br \/>\nla star de la t\u00e9l\u00e9<\/a> qui se croyait en parfaite sant\u00e9. Son p\u00e8re<br \/>\nlui demande alors de refaire rapidement cet examen dans un autre<br \/>\n\u00e9tablissement afin de confirmer le diagnostic. L&rsquo;homme de m\u00e9dias se<br \/>\nretrouve ainsi confront\u00e9 \u00e0 la perspective d&rsquo;un probl\u00e8me cardiaque<br \/>\ngrave, lui qui menait jusque-l\u00e0 une vie active et d\u00e9bordante<br \/>\nd&rsquo;\u00e9nergie.<\/p>\n<p>Un soulagement immense apr\u00e8s une<br \/>\nconfusion administrative<\/p>\n<p>Heureusement, la suite de l&rsquo;histoire prend une tournure bien<br \/>\ndiff\u00e9rente. En se rendant dans un second centre m\u00e9dical pour<br \/>\neffectuer le nouvel \u00e9lectrocardiogramme demand\u00e9 par son p\u00e8re,<br \/>\nl&rsquo;animateur d\u00e9couvre la v\u00e9rit\u00e9. Les m\u00e9decins lui annoncent que tout<br \/>\nva bien et que son c\u0153ur fonctionne normalement. La raison de cette<br \/>\nfrayeur ? Une simple erreur administrative.<\/p>\n<p>\u00ab\u00a0En fait, ils s&rsquo;\u00e9taient tromp\u00e9s de personne. Ils m&rsquo;avaient<br \/>\ndonn\u00e9 l&rsquo;\u00e9lectrocardiogramme d&rsquo;un autre gars\u00a0\u00bb, a-t-il expliqu\u00e9<br \/>\n\u00e0 ses chroniqueurs, visiblement encore marqu\u00e9 par cet \u00e9pisode. Le<br \/>\ncompagnon de Emilie a ainsi \u00e9chapp\u00e9 \u00e0 une peur monumentale caus\u00e9e<br \/>\npar une confusion de dossiers m\u00e9dicaux. Cette m\u00e9saventure lui<br \/>\nrappelle n\u00e9anmoins l&rsquo;importance de la vigilance concernant sa sant\u00e9<br \/>\net celle de ses proches.<\/p>\n","protected":false},"excerpt":{"rendered":"L&rsquo;animateur vedette n&rsquo;est pas pr\u00e8s d&rsquo;oublier cette journ\u00e9e o\u00f9 il a cru sa derni\u00e8re heure arriv\u00e9e. Invit\u00e9 \u00e0&hellip;\n","protected":false},"author":2,"featured_media":472591,"comment_status":"","ping_status":"","sticky":false,"template":"","format":"standard","meta":{"footnotes":""},"categories":[1356],"tags":[1083,58,59,1011,27,252,1364],"class_list":{"0":"post-472590","1":"post","2":"type-post","3":"status-publish","4":"format-standard","5":"has-post-thumbnail","7":"category-television","8":"tag-cyril-hanouna","9":"tag-divertissement","10":"tag-entertainment","11":"tag-fr","12":"tag-france","13":"tag-television","14":"tag-tv"},"share_on_mastodon":{"url":"https:\/\/pubeurope.com\/@fr\/115395480308649040","error":""},"_links":{"self":[{"href":"https:\/\/www.europesays.com\/fr\/wp-json\/wp\/v2\/posts\/472590","targetHints":{"allow":["GET"]}}],"collection":[{"href":"https:\/\/www.europesays.com\/fr\/wp-json\/wp\/v2\/posts"}],"about":[{"href":"https:\/\/www.europesays.com\/fr\/wp-json\/wp\/v2\/types\/post"}],"author":[{"embeddable":true,"href":"https:\/\/www.europesays.com\/fr\/wp-json\/wp\/v2\/users\/2"}],"replies":[{"embeddable":true,"href":"https:\/\/www.europesays.com\/fr\/wp-json\/wp\/v2\/comments?post=472590"}],"version-history":[{"count":0,"href":"https:\/\/www.europesays.com\/fr\/wp-json\/wp\/v2\/posts\/472590\/revisions"}],"wp:featuredmedia":[{"embeddable":true,"href":"https:\/\/www.europesays.com\/fr\/wp-json\/wp\/v2\/media\/472591"}],"wp:attachment":[{"href":"https:\/\/www.europesays.com\/fr\/wp-json\/wp\/v2\/media?parent=472590"}],"wp:term":[{"taxonomy":"category","embeddable":true,"href":"https:\/\/www.europesays.com\/fr\/wp-json\/wp\/v2\/categories?post=472590"},{"taxonomy":"post_tag","embeddable":true,"href":"https:\/\/www.europesays.com\/fr\/wp-json\/wp\/v2\/tags?post=472590"}],"curies":[{"name":"wp","href":"https:\/\/api.w.org\/{rel}","templated":true}]}}