{"id":472592,"date":"2025-10-18T13:47:12","date_gmt":"2025-10-18T13:47:12","guid":{"rendered":"https:\/\/www.europesays.com\/fr\/472592\/"},"modified":"2025-10-18T13:47:12","modified_gmt":"2025-10-18T13:47:12","slug":"lars-ulrich-metallica-evoque-la-chanson-qui-la-stupefait-enfant","status":"publish","type":"post","link":"https:\/\/www.europesays.com\/fr\/472592\/","title":{"rendered":"Lars Ulrich (Metallica) \u00e9voque la chanson qui l\u2019a stup\u00e9fait enfant"},"content":{"rendered":"<p><strong>Le batteur de <a href=\"https:\/\/www.metalzone.fr\/metallica\/\" rel=\"nofollow noopener\" target=\"_blank\">Metallica<\/a>, Lars Ulrich, est revenu sur l\u2019un de ses premiers chocs musicaux : Child In Time de <a href=\"https:\/\/www.metalzone.fr\/deep-purple\/\" rel=\"nofollow noopener\" target=\"_blank\">Deep Purple<\/a>, d\u00e9couvert enfant \u2014 une r\u00e9v\u00e9lation qui a fa\u00e7onn\u00e9 son rapport \u00e0 la musique.<\/strong><\/p>\n<p>Un morceau \u201cvivant\u201d, d\u00e9couvert via Made In Japan<\/p>\n<p>Dans le podcast <a href=\"https:\/\/www.podbean.com\/ep\/pb-vizqe-1995a09\" target=\"_blank\" rel=\"noopener nofollow\">Music And We<\/a>, Lars Ulrich cite Child In Time\u00a0parmi les titres qui ont \u00e9veill\u00e9 sa passion. Il se souvient que son p\u00e8re l\u2019a emmen\u00e9 voir Deep Purple \u00e0 Copenhague en 1973. Ce concert d\u00e9clenche alors une \u201cqu\u00eate musicale\u201d qui ne l\u2019a plus quitt\u00e9.<\/p>\n<p>\u201cCe morceau avait quelque chose d\u2019\u00e9pique, un vrai voyage. Chaque version changeait selon l\u2019humeur des musiciens\u201d, explique-t-il. Pour Ulrich, le titre incarne une musique qui \u201cvit et respire\u201d, loin des formats fig\u00e9s : \u201cC\u2019\u00e9tait la premi\u00e8re fois que j\u2019entendais un morceau aussi libre. \u00c7a m\u2019a marqu\u00e9 \u00e0 vie.\u201d<\/p>\n<p>Deep Purple : influence durable et reconnaissance partag\u00e9e<\/p>\n<p>L\u2019attachement d\u2019Ulrich \u00e0 Deep Purple est bien document\u00e9. En 2016, il a intronis\u00e9 le groupe au Rock &amp; Roll Hall of Fame, saluant une formation \u201ctechniquement incroyable\u201d et impr\u00e9visible sur sc\u00e8ne. En ao\u00fbt dernier, il a <a href=\"https:\/\/www.metalzone.fr\/news\/219749-lars-ulrich-metallica-made-in-japan-meilleur-album-live-hard-rock\/\" rel=\"nofollow noopener\" target=\"_blank\">qualifi\u00e9<\/a> Made In Japan de \u201cmeilleur album live de <a href=\"https:\/\/www.metalzone.fr\/hard-rock\/\" rel=\"nofollow noopener\" target=\"_blank\">hard rock<\/a> jamais enregistr\u00e9\u201d \u2014 un avis que <a href=\"https:\/\/www.metalzone.fr\/news\/222187-live-culte-marque-bruce-dickinson-iron-maiden\/\" rel=\"nofollow noopener\" target=\"_blank\">partage<\/a> <a href=\"https:\/\/www.metalzone.fr\/bruce-dickinson\/\" rel=\"nofollow noopener\" target=\"_blank\">Bruce Dickinson<\/a> (<a href=\"https:\/\/www.metalzone.fr\/iron-maiden\/\" rel=\"nofollow noopener\" target=\"_blank\">Iron Maiden<\/a>), pour qui \u201cce disque a chang\u00e9 [sa] vie\u201d.<\/p>\n<p>Sorti en 1972, l\u2019album culte a \u00e9t\u00e9 r\u00e9\u00e9dit\u00e9 cette ann\u00e9e en version Super Deluxe pour son 53e anniversaire. Elle r\u00e9unit notamment trois interpr\u00e9tations de Child In Time, capt\u00e9es \u00e0 Osaka et Tokyo. Le titre a aussi \u00e9t\u00e9 remis en lumi\u00e8re par la s\u00e9rie <a href=\"https:\/\/www.metalzone.fr\/news\/217602-bande-annonce-stranger-things-5-child-in-time-deep-purple\/\" rel=\"nofollow noopener\" target=\"_blank\">Stranger Things<\/a>, qui l\u2019utilise dans la bande-annonce de sa cinqui\u00e8me saison.<\/p>\n<p>Pour Lars Ulrich, l\u2019impact de Deep Purple reste sans \u00e9gal : une musique impr\u00e9visible, habit\u00e9e, et toujours vibrante plus de cinquante ans apr\u00e8s sa cr\u00e9ation.<\/p>\n<p>Made In Japan de Deep Purple (Steven Wilson Remix) :<\/p>\n","protected":false},"excerpt":{"rendered":"Le batteur de Metallica, Lars Ulrich, est revenu sur l\u2019un de ses premiers chocs musicaux : Child In&hellip;\n","protected":false},"author":2,"featured_media":455900,"comment_status":"","ping_status":"","sticky":false,"template":"","format":"standard","meta":{"footnotes":""},"categories":[1355],"tags":[58,59,1011,27,1361,873],"class_list":{"0":"post-472592","1":"post","2":"type-post","3":"status-publish","4":"format-standard","5":"has-post-thumbnail","7":"category-musique","8":"tag-divertissement","9":"tag-entertainment","10":"tag-fr","11":"tag-france","12":"tag-music","13":"tag-musique"},"share_on_mastodon":{"url":"https:\/\/pubeurope.com\/@fr\/115395483725770419","error":""},"_links":{"self":[{"href":"https:\/\/www.europesays.com\/fr\/wp-json\/wp\/v2\/posts\/472592","targetHints":{"allow":["GET"]}}],"collection":[{"href":"https:\/\/www.europesays.com\/fr\/wp-json\/wp\/v2\/posts"}],"about":[{"href":"https:\/\/www.europesays.com\/fr\/wp-json\/wp\/v2\/types\/post"}],"author":[{"embeddable":true,"href":"https:\/\/www.europesays.com\/fr\/wp-json\/wp\/v2\/users\/2"}],"replies":[{"embeddable":true,"href":"https:\/\/www.europesays.com\/fr\/wp-json\/wp\/v2\/comments?post=472592"}],"version-history":[{"count":0,"href":"https:\/\/www.europesays.com\/fr\/wp-json\/wp\/v2\/posts\/472592\/revisions"}],"wp:featuredmedia":[{"embeddable":true,"href":"https:\/\/www.europesays.com\/fr\/wp-json\/wp\/v2\/media\/455900"}],"wp:attachment":[{"href":"https:\/\/www.europesays.com\/fr\/wp-json\/wp\/v2\/media?parent=472592"}],"wp:term":[{"taxonomy":"category","embeddable":true,"href":"https:\/\/www.europesays.com\/fr\/wp-json\/wp\/v2\/categories?post=472592"},{"taxonomy":"post_tag","embeddable":true,"href":"https:\/\/www.europesays.com\/fr\/wp-json\/wp\/v2\/tags?post=472592"}],"curies":[{"name":"wp","href":"https:\/\/api.w.org\/{rel}","templated":true}]}}