{"id":472593,"date":"2025-10-18T13:48:34","date_gmt":"2025-10-18T13:48:34","guid":{"rendered":"https:\/\/www.europesays.com\/fr\/472593\/"},"modified":"2025-10-18T13:48:34","modified_gmt":"2025-10-18T13:48:34","slug":"cinema-berlinguer-la-grande-ambition-le-pc-des-annees-de-plomb-en-italie","status":"publish","type":"post","link":"https:\/\/www.europesays.com\/fr\/472593\/","title":{"rendered":"[CIN\u00c9MA] Berlinguer, la grande ambition: le PC des ann\u00e9es de plomb en Italie"},"content":{"rendered":"<p>Il est class\u00e9 dans le Top 10 des plus grands succ\u00e8s en Italie pour l\u2019ann\u00e9e 2024 mais aura mis pr\u00e8s d\u2019un an \u00e0 sortir dans nos salles fran\u00e7aises. R\u00e9alis\u00e9 par Andrea Segre, Berlinguer, la grande ambition \u00e9tait d\u2019autant plus attendu qu\u2019il a permis \u00e0 son acteur principal, Elio Germano, de remporter le David di Donatello, l\u2019\u00e9quivalent italien des C\u00e9sar.<\/p>\n<p>Ce film passionnant d\u2019un point de vue historique retrace tout un pan des ann\u00e9es de plomb italiennes, du c\u00f4t\u00e9 du Parti communiste italien, dirig\u00e9 \u00e0 l\u2019\u00e9poque par Enrico Berlinguer. Le r\u00e9cit s\u2019\u00e9tend alors de 1973, avec l\u2019attentat manqu\u00e9 contre sa personne par les services secrets bulgares \u00e0 Sofia, jusqu\u2019\u00e0 1978, avec les retomb\u00e9es de l\u2019assassinat d\u2019Aldo Moro, pr\u00e9sident du Conseil national de la D\u00e9mocratie chr\u00e9tienne.<\/p>\n<p>Quand le PCI prenait son ind\u00e9pendance de l\u2019URSS<\/p>\n<p>\u00c0 l\u2019\u00e9poque, le pays vit une crise \u00e9conomique de grande ampleur, le premier choc p\u00e9trolier ayant fait monter l\u2019inflation \u00e0 20 %, en 1974, entra\u00eenant \u00e0 sa suite une hausse du ch\u00f4mage. Crise \u00e9conomique concomitante de l\u2019explosion du \u00ab terrorisme noir \u00bb en Italie et des exactions des Brigades rouges men\u00e9es par Renato Curcio. Dans ce contexte difficile, Enrico Berlinguer est \u00e0 la t\u00eate d\u2019un parti qui a le vent en poupe, un \u00e9lecteur sur trois votant communiste. Le succ\u00e8s des \u00e9lections administratives de 1975 et des l\u00e9gislatives de 1976 conforte le PCI dans l\u2019id\u00e9e que le pouvoir est atteignable. N\u00e9anmoins soucieux de rassurer Henry Kissinger et les Am\u00e9ricains, Berlinguer affiche sa volont\u00e9, pour l\u2019Italie, de rester membre de l\u2019Alliance atlantique et d\u2019affirmer l\u2019ind\u00e9pendance du PCI vis-\u00e0-vis de l\u2019Union sovi\u00e9tique via le concept \u00ab d\u2019eurocommunisme \u00bb, une sorte de coalition voulue \u00ab pluraliste \u00bb des partis communistes italien, fran\u00e7ais, espagnol, n\u00e9erlandais et britannique. Lesquels s\u2019accordent enfin la possibilit\u00e9 de porter un regard critique sur l\u2019URSS et son id\u00e9ologie marxiste-l\u00e9niniste ; surtout depuis l\u2019invasion de la Tch\u00e9coslovaquie en 1968, dont se sont \u00e9mus les peuples d\u2019Europe occidentale.<\/p>\n<p>L\u2019alliance contre-nature avec le centre<\/p>\n<p>Le secr\u00e9taire g\u00e9n\u00e9ral du PCI, nous dit le cin\u00e9aste, est surtout co-artisan du \u00ab compromis historique \u00bb avec la D\u00e9mocratie chr\u00e9tienne d\u2019Aldo Moro, l\u2019union de la gauche (PCI et PSI) \u00e9tant jug\u00e9e insuffisante pour prendre le pouvoir depuis le traumatisme du putsch de Pinochet, en 1973, au Chili. En effet, dominantes dans la vie politique et la soci\u00e9t\u00e9 civile italiennes, la D\u00e9mocratie chr\u00e9tienne et l\u2019\u00c9glise catholique sont consid\u00e9r\u00e9es par le PCI comme des acteurs incontournables avec lesquels il faut d\u00e9sormais travailler.\u00a0H\u00e9las pour les communistes, leur entr\u00e9e dans la majorit\u00e9 gouvernementale, en ao\u00fbt 1976, sera ouvertement critiqu\u00e9e \u00e0 la fois par une partie non n\u00e9gligeable de la D\u00e9mocratie chr\u00e9tienne et par les Brigades rouges, oppos\u00e9es \u00e0 Berlinguer et \u00e0 toute forme de \u00ab compromission \u00bb avec un r\u00e9gime capitaliste\u2026 L\u2019enl\u00e8vement et l\u2019assassinat d\u2019Aldo Moro marquera alors la fin progressive de ce \u00ab\u00a0compromis historique\u00a0\u00bb et le d\u00e9clin cons\u00e9quent du Parti communiste italien au cours de la d\u00e9cennie suivante.<\/p>\n<p>Stimulant intellectuellement, le film d\u2019Andrea Segre b\u00e9n\u00e9ficie d\u2019un joli casting, d\u2019une mise en sc\u00e8ne \u00e9nergique, nourrie d\u2019images d\u2019archives, et d\u2019une bande originale inspir\u00e9e. Il est cependant dommage que le cin\u00e9aste s\u2019interdise tout regard critique sur son sujet, le personnage de Berlinguer passant pratiquement pour un h\u00e9ros aux yeux du spectateur\u2026<\/p>\n<p>Enfin, \u00e0 ceux qui souhaitent approfondir le sujet d\u2019Aldo Moro, nous recommandons vivement \u00e0 nos lecteurs le feuilleton <a href=\"https:\/\/www.bvoltaire.fr\/television-esterno-notte-le-mini-feuilleton-sur-lenlevement-daldo-moro-par-marco-bellocchio\/\" target=\"_blank\" rel=\"noopener nofollow\">Esterno notte<\/a>, de Marco Bellocchio.<\/p>\n<p>3,5 \u00e9toiles sur 5<\/p>\n<p>\u00a0<\/p>\n<\/p>\n<p>\u00a0<\/p>\n<p>                    <a href=\"#\" rel=\"nofollow\" onclick=\"window.print(); pfTrackEvent('[CIN\u00c9MA] &lt;i&gt;Berlinguer, la grande ambition&lt;\/i&gt;: le PC des ann\u00e9es de plomb en Italie'); return false;\" title=\"Printer Friendly, PDF &amp; Email\"><br \/>\n                    <img decoding=\"async\" src=\"https:\/\/www.europesays.com\/fr\/wp-content\/uploads\/2025\/04\/printfriendly-icon-sm.png\" alt=\"Print Friendly, PDF &amp; Email\" class=\"pf-button-img\" style=\"width: 17px;height: 17px;\"\/>Imprimer, enregistrer en PDF cet article<br \/>\n                    <\/a><\/p>\n","protected":false},"excerpt":{"rendered":"Il est class\u00e9 dans le Top 10 des plus grands succ\u00e8s en Italie pour l\u2019ann\u00e9e 2024 mais aura&hellip;\n","protected":false},"author":2,"featured_media":472594,"comment_status":"","ping_status":"","sticky":false,"template":"","format":"standard","meta":{"footnotes":""},"categories":[1354],"tags":[58,59,1346,1011,27,1360],"class_list":{"0":"post-472593","1":"post","2":"type-post","3":"status-publish","4":"format-standard","5":"has-post-thumbnail","7":"category-films","8":"tag-divertissement","9":"tag-entertainment","10":"tag-films","11":"tag-fr","12":"tag-france","13":"tag-movies"},"share_on_mastodon":{"url":"https:\/\/pubeurope.com\/@fr\/115395488214200137","error":""},"_links":{"self":[{"href":"https:\/\/www.europesays.com\/fr\/wp-json\/wp\/v2\/posts\/472593","targetHints":{"allow":["GET"]}}],"collection":[{"href":"https:\/\/www.europesays.com\/fr\/wp-json\/wp\/v2\/posts"}],"about":[{"href":"https:\/\/www.europesays.com\/fr\/wp-json\/wp\/v2\/types\/post"}],"author":[{"embeddable":true,"href":"https:\/\/www.europesays.com\/fr\/wp-json\/wp\/v2\/users\/2"}],"replies":[{"embeddable":true,"href":"https:\/\/www.europesays.com\/fr\/wp-json\/wp\/v2\/comments?post=472593"}],"version-history":[{"count":0,"href":"https:\/\/www.europesays.com\/fr\/wp-json\/wp\/v2\/posts\/472593\/revisions"}],"wp:featuredmedia":[{"embeddable":true,"href":"https:\/\/www.europesays.com\/fr\/wp-json\/wp\/v2\/media\/472594"}],"wp:attachment":[{"href":"https:\/\/www.europesays.com\/fr\/wp-json\/wp\/v2\/media?parent=472593"}],"wp:term":[{"taxonomy":"category","embeddable":true,"href":"https:\/\/www.europesays.com\/fr\/wp-json\/wp\/v2\/categories?post=472593"},{"taxonomy":"post_tag","embeddable":true,"href":"https:\/\/www.europesays.com\/fr\/wp-json\/wp\/v2\/tags?post=472593"}],"curies":[{"name":"wp","href":"https:\/\/api.w.org\/{rel}","templated":true}]}}