{"id":472599,"date":"2025-10-18T13:51:08","date_gmt":"2025-10-18T13:51:08","guid":{"rendered":"https:\/\/www.europesays.com\/fr\/472599\/"},"modified":"2025-10-18T13:51:08","modified_gmt":"2025-10-18T13:51:08","slug":"je-suis-retrograde-car-jaime-le-pate-jean-dujardin-fait-polemique-apres-son-passage-au-jt-de-lea-salame-la-provence","status":"publish","type":"post","link":"https:\/\/www.europesays.com\/fr\/472599\/","title":{"rendered":"&quot;Je suis r\u00e9trograde car j&#039;aime le p\u00e2t\u00e9 ?&quot;&#8230; Jean Dujardin fait pol\u00e9mique apr\u00e8s son passage au JT de L\u00e9a Salam\u00e9 &#8211; La Provence"},"content":{"rendered":"<ol>\n<li><a href=\"https:\/\/news.google.com\/rss\/articles\/CBMi_gFBVV95cUxQTFZUTDl4NWlKQWd0WDRrWXp0TC1oaWU1MHh4NEFjZUJnYW96Q19qNkdTLWdHUzZVOERLYnJJa2FHQzlDR0UyaEwweWJjUGJNVXl5ejNXU2Frb0JId3B0R2cwT0s5dlFLcUw4b0taX2pnUXFyTDEySGZLU3N6YlIwb21MRjlCRzk5a2xxanBPejMxUEFnaVBJMEtjV0I3aG4xMVNaajVkQkRfWk50d2NJcU9LRnVSWFM2UDZwLXVVX2RGeVVMSTBmRWtiUkNCOFZFNW5oZ1o5MkVLLWdEckJJc3dBNHdKWTRYbnl6Vmo2YmxHMzE4QWR6bmx5a1NnZw?oc=5\" target=\"_blank\" rel=\"nofollow noopener\">\u00ab\u00a0Je suis r\u00e9trograde car j&rsquo;aime le p\u00e2t\u00e9 ?\u00a0\u00bb&#8230; Jean Dujardin fait pol\u00e9mique apr\u00e8s son passage au JT de L\u00e9a Salam\u00e9<\/a>&nbsp;&nbsp;La Provence<\/li>\n<li><a href=\"https:\/\/news.google.com\/rss\/articles\/CBMi4gFBVV95cUxNNm92Z2hLYW00Y3hXNHFIRkkzajgxTFVTS2drY1VCbFdCdFdQQk1CdTNjWWdHSkg4dVdBQ1p0dDVRX0RCNVFrOHp5aEUtbXFuUXRvQjFBeFV6emZSYzNLUnY1VFlQT0pFZENrbkJYdHRtSDVHLUNWUUNld0VMc1lqSURnMC11RVZTdVdxVkRhZVVFX21PajhYbk5ocGRKdXBTaWFIZkt1QmluRVIwb3d5b2F5dm1DbGdLRzVubUdfZHpLZWNnV2lMY2R3QXF1ai13ZFJLSGhOWlJ4LWh5X0VVekpB?oc=5\" target=\"_blank\" rel=\"nofollow noopener\">Jean Dujardin sur RTL : \u00ab\u00a0Quand vous dites que vous aimez la France, vous avez une pancarte politique\u00a0\u00bb<\/a>&nbsp;&nbsp;RTL.fr<\/li>\n<li><a href=\"https:\/\/news.google.com\/rss\/articles\/CBMi_gFBVV95cUxQbG4xRElYbHljZEVlRVBuXzBneTJwME4xbWxEOFZVSktmSmtQdzBuZVZDbmhYT0tvSU0xckRWU2JrOU1RWFJ1eUViYld3aW9ZVHp6Z0ViRVZiekFWcDIwZVQ0dFh6S2g3ZlpxaTl4Q3dZeUxRc2FxbklDTU9jbno5S3RoSUtqU3JvZ1VkWndTRld1SkpsdFA2NG94a1pWYmQ0OHh5V2t5NTZROC1BWEh2NDRyY09SMU85VjQ5MnlGYnBlMXR2akZ1aHFhQWh3N1U4bXpFLTB1NkhDZHlma1U3dzJ0TjBJUEUwOUY5WFFmaVhTWEdRV3ViQ3hNVk1Gdw?oc=5\" target=\"_blank\" rel=\"nofollow noopener\">Pour Jean Dujardin on est \u00ab\u00a0tax\u00e9 de \u00ab\u00a0facho\u00a0\u00bb si on aime la France: \u00ab\u00a0Il se victimise\u00a0\u00bb, tacle Jo\u00eblle Dago-Serry<\/a>&nbsp;&nbsp;RMC<\/li>\n<li><a href=\"https:\/\/news.google.com\/rss\/articles\/CBMi0wFBVV95cUxOV08zdFAyeVdLR0lfUU11OG1oNXlXSnNQNFZXam5JSEYzUWpNUU5wNzMyMzJFQ0RaX2dhd0liWUFMTGlDYkdoMmNMQi1tQm1OcmdMRkhtWjJ0TV9Lc1VKU2g5dUxlZVRDYk9UOXhHZ0diUjFJUnJUU3NfcWJSYW95Z3BocV9XS0dNam5pSTVZWmpGalRQeTdiSW5DTkxzQzlVQWRYWHRSdzdIaS16UkZrNTh6OHJjN09VbGV2MlVaRFpuVUZGV1FnckpGaTFzRElOUzlZ?oc=5\" target=\"_blank\" rel=\"nofollow noopener\">\u00abOn est tax\u00e9s de fachos\u00bb : Jean Dujardin d\u00e9plore qu\u2019il devienne difficile de clamer son amour de la France<\/a>&nbsp;&nbsp;lejdd.fr<\/li>\n<li><a href=\"https:\/\/news.google.com\/rss\/articles\/CBMi8wFBVV95cUxPNUVLSV9hVWZiWHJkZFVibTRyTDBuTjlNell2QXU2dUkxVjJqanFpZHpfeC1aQWs4NnlETGcyOG95MEVLVTU5NWtvSVgzSlZ1ZTAxd2RYaFVnWFVrRVNPbEV4RU5OLU9VaHRCeXVYZnI0NERIMm1Yc2UtcEpLRV9CcnM4T1BrX05qcVpfLTV2clNFMUhsdm5tb0ZQY1NVTk1wWW9RNF9GNWhfZDRPN1QyeFdUWGFIYkI5RTZhZ1RrX1c5VG85aUlnWGpEZ0VaYjQ2dHB3UC1uQ0RESVVSLWo4c1N1TlFYdFUzODk1TXFsZzByb0k?oc=5\" target=\"_blank\" rel=\"nofollow noopener\">\u00abRapidement, on est tax\u00e9 de facho\u00bb : Jean Dujardin juge qu\u2019il est d\u00e9sormais \u00abcompliqu\u00e9\u00bb de parler de la France<\/a>&nbsp;&nbsp;TV Magazine<\/li>\n<\/ol>\n","protected":false},"excerpt":{"rendered":"\u00ab\u00a0Je suis r\u00e9trograde car j&rsquo;aime le p\u00e2t\u00e9 ?\u00a0\u00bb&#8230; Jean Dujardin fait pol\u00e9mique apr\u00e8s son passage au JT de&hellip;\n","protected":false},"author":2,"featured_media":395849,"comment_status":"","ping_status":"","sticky":false,"template":"","format":"standard","meta":{"footnotes":""},"categories":[8],"tags":[58,59,1011,27],"class_list":{"0":"post-472599","1":"post","2":"type-post","3":"status-publish","4":"format-standard","5":"has-post-thumbnail","7":"category-divertissement","8":"tag-divertissement","9":"tag-entertainment","10":"tag-fr","11":"tag-france"},"share_on_mastodon":{"url":"https:\/\/pubeurope.com\/@fr\/115395499748335751","error":""},"_links":{"self":[{"href":"https:\/\/www.europesays.com\/fr\/wp-json\/wp\/v2\/posts\/472599","targetHints":{"allow":["GET"]}}],"collection":[{"href":"https:\/\/www.europesays.com\/fr\/wp-json\/wp\/v2\/posts"}],"about":[{"href":"https:\/\/www.europesays.com\/fr\/wp-json\/wp\/v2\/types\/post"}],"author":[{"embeddable":true,"href":"https:\/\/www.europesays.com\/fr\/wp-json\/wp\/v2\/users\/2"}],"replies":[{"embeddable":true,"href":"https:\/\/www.europesays.com\/fr\/wp-json\/wp\/v2\/comments?post=472599"}],"version-history":[{"count":0,"href":"https:\/\/www.europesays.com\/fr\/wp-json\/wp\/v2\/posts\/472599\/revisions"}],"wp:featuredmedia":[{"embeddable":true,"href":"https:\/\/www.europesays.com\/fr\/wp-json\/wp\/v2\/media\/395849"}],"wp:attachment":[{"href":"https:\/\/www.europesays.com\/fr\/wp-json\/wp\/v2\/media?parent=472599"}],"wp:term":[{"taxonomy":"category","embeddable":true,"href":"https:\/\/www.europesays.com\/fr\/wp-json\/wp\/v2\/categories?post=472599"},{"taxonomy":"post_tag","embeddable":true,"href":"https:\/\/www.europesays.com\/fr\/wp-json\/wp\/v2\/tags?post=472599"}],"curies":[{"name":"wp","href":"https:\/\/api.w.org\/{rel}","templated":true}]}}