{"id":472605,"date":"2025-10-18T13:55:11","date_gmt":"2025-10-18T13:55:11","guid":{"rendered":"https:\/\/www.europesays.com\/fr\/472605\/"},"modified":"2025-10-18T13:55:11","modified_gmt":"2025-10-18T13:55:11","slug":"cedric-jubillar-sest-lui-meme-condamne-a-etre-condamne-le-recit-des-quatre-semaines-du-proces-par-lenvoye-special-du-figaro","status":"publish","type":"post","link":"https:\/\/www.europesays.com\/fr\/472605\/","title":{"rendered":"\u00ab\u00a0C\u00e9dric Jubillar s\u2019est lui-m\u00eame condamn\u00e9 \u00e0 \u00eatre condamn\u00e9\u00a0\u00bb\u00a0:\u00a0le r\u00e9cit des quatre semaines du proc\u00e8s, par l\u2019envoy\u00e9 sp\u00e9cial du Figaro"},"content":{"rendered":"<p data-module=\"standfirst-editorial-episode\" data-context=\"@media (min-width:48em)\">\n    Le mari de Delphine Jubillar, disparue en d\u00e9cembre 2020, a \u00e9cop\u00e9 d\u2019une peine exceptionnellement lourde. Si sa parole n\u2019a pas fluctu\u00e9, elle est rest\u00e9e vide de sens.<\/p>\n<p class=\"fig-paragraph fig-paragraph--dropped\">Pourquoi la disparition corps et \u00e2me \u00e0 Cagnac-les-Mines (Tarn) de<a href=\"http:\/\/www.lefigaro.fr\/faits-divers\/proces-de-cedric-jubillar-je-tiens-a-dire-que-je-n-ai-absolument-rien-fait-a-delphine-clame-l-accuse-avant-le-verdict-20251017\" data-fig-type=\"NewsFlash\" data-gtm-custom-categorie=\"navigation\" data-gtm-custom-action=\"crossclick\" data-gtm-custom-label=\"Contextuel\" data-gtm-event=\"customEventSPE\" data-fig-domain=\"LEFIGARO\" target=\"_blank\" rel=\"noopener\">\u00a0Delphine Aussaguel \u00e9pouse Jubillar<\/a>, 33 ans, infirmi\u00e8re, dans la nuit du 15 au 16 d\u00e9cembre 2020, a-t-elle suscit\u00e9 un tel engouement \u00e0 travers la France\u00a0? Pourquoi ces livres, ces sc\u00e9narios loufoques, ces documentaires avant, pendant et apr\u00e8s le proc\u00e8s, ces assises d\u2019Albi envahies de cam\u00e9ras et de micro-perches intrusifs qui traquent la petite phrase par effraction\u00a0? Pourquoi ces dizaines de badauds, la nuit, au pied des marches du palais de justice, pour \u00eatre certains d\u2019obtenir une place dans la salle d\u2019audience\u00a0? Pourquoi cette fi\u00e8vre malsaine de m\u00e9dias et d\u2019avocats qui, pendant quatre ans et demi, ont viol\u00e9 toutes les d\u00e9ontologies\u00a0? L\u2019un des myst\u00e8res de l\u2019affaire r\u00e9side dans la folie qu\u2019elle a engendr\u00e9e, \u00e9clipsant la douloureuse \u00e9nigme pos\u00e9e par l\u2019absence de Delphine.<\/p>\n<p class=\"fig-paragraph fig-paragraph--dropped\"><a href=\"http:\/\/www.lefigaro.fr\/faits-divers\/proces-de-cedric-jubillar-l-accuse-condamne-a-30-ans-de-prison-pour-le-meurtre-de-sa-femme-delphine-20251017\" data-fig-type=\"NewsFlash\" data-gtm-custom-categorie=\"navigation\" data-gtm-custom-action=\"crossclick\" data-gtm-custom-label=\"Contextuel\" data-gtm-event=\"customEventSPE\" data-fig-domain=\"LEFIGARO\" target=\"_blank\" rel=\"noopener\">Le verdict rendu\u00a0<\/a>vendredi apr\u00e8s-midi \u00e0 la va-vite par une pr\u00e9sidente qui donnait l\u2019impression de vouloir se d\u00e9barrasser d\u2019une corv\u00e9e administrative\u2026<\/p>\n<p class=\"fig-premium-paywall__infos\">\n        Cet article est r\u00e9serv\u00e9 aux abonn\u00e9s.        Il vous reste 92% \u00e0 d\u00e9couvrir.\n    <\/p>\n<p>                <img  data- alt=\"Le Figaro\" class=\"fig-img--complete fig-img\"\/><\/p>\n<p class=\"fig-premium-paywall__title\">Vous avez envie de lire la suite ?<\/p>\n<p class=\"fig-premium-paywall__subtitle\">D\u00e9bloquez tous les articles imm\u00e9diatement.<\/p>\n<p class=\"fig-premium-paywall__connect\">\n                D\u00e9j\u00e0 abonn\u00e9\u00a0?                <a class=\"fig-premium-paywall__connect-link\" href=\"https:\/\/connect.lefigaro.fr\/login?client=horizon_web&amp;type=main&amp;redirect_uri=https%3A%2F%2Fwww.lefigaro.fr%2Factualite-france%2Fcedric-jubillar-s-est-lui-meme-condamne-a-etre-condamne-le-recit-des-quatre-semaines-du-proces-par-l-envoye-special-du-figaro-20251018\" data-js-gtm=\"{&quot;customCategorie&quot;: &quot;conversion&quot;, &quot;customAction&quot;: &quot;before_Landing_Connexion_paywall_auto&quot;, &quot;customLabel&quot;: &quot;bGVmaWdhcm8uZnJfXzFmMGFjMTQ5LWI2NDEtNmZjZS04OGJhLTVkNDQzMzQwNzdhZV9fQXJ0aWNsZQ==_\u00ab\u00a0C\u00e9dric Jubillar s\u2019est lui-m\u00eame condamn\u00e9 \u00e0 \u00eatre condamn\u00e9\u00a0\u00bb\u00a0:\u00a0le r\u00e9cit des quatre semaines du proc\u00e8s, par l\u2019envoy\u00e9 sp\u00e9cial du &lt;i&gt;Figaro&lt;\/i&gt;_135&quot;, &quot;customIDSPE&quot;: &quot;bGVmaWdhcm8uZnJfXzFmMGFjMTQ5LWI2NDEtNmZjZS04OGJhLTVkNDQzMzQwNzdhZV9fQXJ0aWNsZQ==&quot;, &quot;event&quot;: &quot;customEventSPE&quot;}\" target=\"_blank\" rel=\"noopener\"><br \/>\n                    Connectez-vous<br \/>\n                <\/a>\n            <\/p>\n","protected":false},"excerpt":{"rendered":"Le mari de Delphine Jubillar, disparue en d\u00e9cembre 2020, a \u00e9cop\u00e9 d\u2019une peine exceptionnellement lourde. Si sa parole&hellip;\n","protected":false},"author":2,"featured_media":472606,"comment_status":"","ping_status":"","sticky":false,"template":"","format":"standard","meta":{"footnotes":""},"categories":[4],"tags":[11,7296,33030,33031,1011,27,12,2694,25],"class_list":{"0":"post-472605","1":"post","2":"type-post","3":"status-publish","4":"format-standard","5":"has-post-thumbnail","7":"category-france","8":"tag-actualites","9":"tag-albi","10":"tag-cedric-jubillar","11":"tag-delphine-jubillar","12":"tag-fr","13":"tag-france","14":"tag-news","15":"tag-proces","16":"tag-republique-francaise"},"share_on_mastodon":{"url":"https:\/\/pubeurope.com\/@fr\/115395515147936837","error":""},"_links":{"self":[{"href":"https:\/\/www.europesays.com\/fr\/wp-json\/wp\/v2\/posts\/472605","targetHints":{"allow":["GET"]}}],"collection":[{"href":"https:\/\/www.europesays.com\/fr\/wp-json\/wp\/v2\/posts"}],"about":[{"href":"https:\/\/www.europesays.com\/fr\/wp-json\/wp\/v2\/types\/post"}],"author":[{"embeddable":true,"href":"https:\/\/www.europesays.com\/fr\/wp-json\/wp\/v2\/users\/2"}],"replies":[{"embeddable":true,"href":"https:\/\/www.europesays.com\/fr\/wp-json\/wp\/v2\/comments?post=472605"}],"version-history":[{"count":0,"href":"https:\/\/www.europesays.com\/fr\/wp-json\/wp\/v2\/posts\/472605\/revisions"}],"wp:featuredmedia":[{"embeddable":true,"href":"https:\/\/www.europesays.com\/fr\/wp-json\/wp\/v2\/media\/472606"}],"wp:attachment":[{"href":"https:\/\/www.europesays.com\/fr\/wp-json\/wp\/v2\/media?parent=472605"}],"wp:term":[{"taxonomy":"category","embeddable":true,"href":"https:\/\/www.europesays.com\/fr\/wp-json\/wp\/v2\/categories?post=472605"},{"taxonomy":"post_tag","embeddable":true,"href":"https:\/\/www.europesays.com\/fr\/wp-json\/wp\/v2\/tags?post=472605"}],"curies":[{"name":"wp","href":"https:\/\/api.w.org\/{rel}","templated":true}]}}