{"id":472621,"date":"2025-10-18T14:07:32","date_gmt":"2025-10-18T14:07:32","guid":{"rendered":"https:\/\/www.europesays.com\/fr\/472621\/"},"modified":"2025-10-18T14:07:32","modified_gmt":"2025-10-18T14:07:32","slug":"football-le-dfco-simpose-face-a-quevilly-rouen-avec-autorite","status":"publish","type":"post","link":"https:\/\/www.europesays.com\/fr\/472621\/","title":{"rendered":"Football. Le DFCO s&rsquo;impose face \u00e0 Quevilly\/Rouen avec autorit\u00e9"},"content":{"rendered":"<p>Le DFCO poursuit son invincibilit\u00e9 cette saison. Avec la mani\u00e8re, les joueurs de Baptiste Ridira s&rsquo;imposent face \u00e0 Quevilly\/Rouen (4-1), pour le compte de la 10e journ\u00e9e de National.<\/p>\n<p>&#13;<br \/>\n              R\u00e9mi Chevrot &#8211; &#13;<br \/>\n        &#13;<br \/>\n          Hier \u00e0 18:45&#13;<br \/>\n    &#13;<br \/>\n                  | mis \u00e0 jour hier \u00e0 21:27&#13;<br \/>\n              &#8211; Temps de lecture : &#13;<br \/>\n  &#13;\n<\/p>\n<p>                        &#13;<br \/>\n    &#13;<br \/>\n    &#13;<br \/>\n    <a href=\"https:\/\/cdn-s-www.bienpublic.com\/images\/0D11EBC9-C418-4FD4-A978-74C1A396A92A\/NW_raw\/photo-emma-buoncristiani-1760723072.jpg\" title=\"Photo Emma Buoncristiani\" class=\"chocolat-image GA-tracking\" data-ga_type=\"click\" data-ga_category=\"D\u00e9tail\" data-ga_action=\"zoomer\" data-ga_label=\"aggrandir image\" target=\"_blank\" rel=\"noopener\">&#13;<br \/>\n        <img src=\"https:\/\/www.europesays.com\/fr\/wp-content\/uploads\/2025\/10\/photo-emma-buoncristiani-1760723072.jpg\"   alt=\"Photo Emma Buoncristiani\" fetchpriority=\"high\" decoding=\"async\" data-mobile=\"NW_detail_M|1760723072\" data-base=\"NW_detail|1760723072\"\/>&#13;<br \/>\n    <\/a>&#13;<br \/>\n    Photo Emma Buoncristiani<\/p>\n","protected":false},"excerpt":{"rendered":"Le DFCO poursuit son invincibilit\u00e9 cette saison. Avec la mani\u00e8re, les joueurs de Baptiste Ridira s&rsquo;imposent face \u00e0&hellip;\n","protected":false},"author":2,"featured_media":472622,"comment_status":"","ping_status":"","sticky":false,"template":"","format":"standard","meta":{"footnotes":""},"categories":[9587],"tags":[1111,11,2931,24879,2930,1777,674,107,63,1011,27,12,5161,25,9590,517],"class_list":{"0":"post-472621","1":"post","2":"type-post","3":"status-publish","4":"format-standard","5":"has-post-thumbnail","7":"category-rouen","8":"tag-actu","9":"tag-actualites","10":"tag-cote-dor","11":"tag-dfco-dijon-football-cote-dor","12":"tag-dijon","13":"tag-eu","14":"tag-europe","15":"tag-fil-info","16":"tag-football","17":"tag-fr","18":"tag-france","19":"tag-news","20":"tag-normandie","21":"tag-republique-francaise","22":"tag-rouen","23":"tag-sport"},"share_on_mastodon":{"url":"https:\/\/pubeurope.com\/@fr\/115395563014948838","error":""},"_links":{"self":[{"href":"https:\/\/www.europesays.com\/fr\/wp-json\/wp\/v2\/posts\/472621","targetHints":{"allow":["GET"]}}],"collection":[{"href":"https:\/\/www.europesays.com\/fr\/wp-json\/wp\/v2\/posts"}],"about":[{"href":"https:\/\/www.europesays.com\/fr\/wp-json\/wp\/v2\/types\/post"}],"author":[{"embeddable":true,"href":"https:\/\/www.europesays.com\/fr\/wp-json\/wp\/v2\/users\/2"}],"replies":[{"embeddable":true,"href":"https:\/\/www.europesays.com\/fr\/wp-json\/wp\/v2\/comments?post=472621"}],"version-history":[{"count":0,"href":"https:\/\/www.europesays.com\/fr\/wp-json\/wp\/v2\/posts\/472621\/revisions"}],"wp:featuredmedia":[{"embeddable":true,"href":"https:\/\/www.europesays.com\/fr\/wp-json\/wp\/v2\/media\/472622"}],"wp:attachment":[{"href":"https:\/\/www.europesays.com\/fr\/wp-json\/wp\/v2\/media?parent=472621"}],"wp:term":[{"taxonomy":"category","embeddable":true,"href":"https:\/\/www.europesays.com\/fr\/wp-json\/wp\/v2\/categories?post=472621"},{"taxonomy":"post_tag","embeddable":true,"href":"https:\/\/www.europesays.com\/fr\/wp-json\/wp\/v2\/tags?post=472621"}],"curies":[{"name":"wp","href":"https:\/\/api.w.org\/{rel}","templated":true}]}}