{"id":472624,"date":"2025-10-18T14:09:44","date_gmt":"2025-10-18T14:09:44","guid":{"rendered":"https:\/\/www.europesays.com\/fr\/472624\/"},"modified":"2025-10-18T14:09:44","modified_gmt":"2025-10-18T14:09:44","slug":"hockey-sur-glace-chl-on-connait-les-dates-de-grenoble","status":"publish","type":"post","link":"https:\/\/www.europesays.com\/fr\/472624\/","title":{"rendered":"Hockey sur glace &#8211; CHL. On conna\u00eet les dates de Grenoble"},"content":{"rendered":"<p>Le calendrier des huiti\u00e8mes de finale de la Ligue des champions de hockey sur glace est fix\u00e9. Les Br\u00fbleurs de loups de Grenoble, qualifi\u00e9s gr\u00e2ce \u00e0 leurs trois victoires pendant la phase de groupe et une 14e place (8 points) de la poule unique (les 16 premiers passent en play-offs et les 8 derniers sont \u00e9limin\u00e9s) retrouvent les Su\u00e9dois de G\u00f6teborg, 3e\u00a0 apr\u00e8s les six matchs disput\u00e9s (15 points).<\/p>\n<p>Pour Grenoble, <a href=\"https:\/\/www.ledauphine.com\/sport\/2025\/10\/16\/on-a-coche-une-belle-case-la-fierte-des-bruleurs-de-loups-de-grenoble-qualifies-pour-la-premiere-fois-en-huitiemes-de-finale\" target=\"_blank\" rel=\"noopener\"> cette qualification est une premi\u00e8re dans son histoire<\/a>. Les joueurs de <a href=\"https:\/\/www.ledauphine.com\/p\/per-hanberg\" target=\"_blank\" rel=\"noopener\">Per Hanberg<\/a>, le coach des Br\u00fbleurs de loups, auront un adversaire de taille pour ce premier tour des play-offs.<\/p>\n<p>  Le match aller le 11\u00a0novembre \u00e0 Polesud<\/p>\n<p>Les <a href=\"https:\/\/www.ledauphine.com\/sport\/2025\/10\/15\/historique-les-bruleurs-de-loups-de-grenoble-qualifies-pour-les-8e-de-finale-de-la-chl\" target=\"_blank\" rel=\"noopener\">Rouge et bleu de Grenoble<\/a> accueilleront le mardi 11\u00a0novembre (20h15) l\u2019\u00e9quipe de Fr\u00f6lunda pour le match aller de cette confrontation, qui se joue en aller-retour. La patinoire Polesud (4208 places) devrait \u00eatre pleine pour encourager les Br\u00fbleurs de loups pour faire vaciller les Su\u00e9dois, leader de leur championnat (neuf victoires, deux d\u00e9faites) et qui ont perdu un match en CHL (2-4 contre les Tch\u00e8ques, \u00e0 Prague).<\/p>\n<p>Les Is\u00e9rois se rendront \u00e0 G\u00f6teborg la semaine suivante, le mardi 18\u00a0novembre (19h), pour disputer le match retour dans l\u2019enceinte des joueurs de Fr\u00f6lunda, le Scandinavium (12\u00a0000 places).<\/p>\n<p>Dans l\u2019histoire r\u00e9cente, les deux clubs s\u2019\u00e9taient affront\u00e9s lors de la campagne de CHL 2022\/2023 en phase de groupe. Les Su\u00e9dois s\u2019\u00e9taient largement impos\u00e9s \u00e0 <a href=\"https:\/\/www.ledauphine.com\/sport\/2022\/10\/05\/entre-grenoble-et-frolunda-un-monde-d-ecart\" target=\"_blank\" rel=\"noopener\">Grenoble (2-10)<\/a> et les Grenoblois s\u2019\u00e9taient inclin\u00e9s en Su\u00e8de (4-7).<\/p>\n","protected":false},"excerpt":{"rendered":"Le calendrier des huiti\u00e8mes de finale de la Ligue des champions de hockey sur glace est fix\u00e9. Les&hellip;\n","protected":false},"author":2,"featured_media":472625,"comment_status":"","ping_status":"","sticky":false,"template":"","format":"standard","meta":{"footnotes":""},"categories":[9566],"tags":[1111,11,2430,112,1777,674,1701,1795,1011,27,2731,2732,4133,10145,108,12,25,517],"class_list":{"0":"post-472624","1":"post","2":"type-post","3":"status-publish","4":"format-standard","5":"has-post-thumbnail","7":"category-grenoble","8":"tag-actu","9":"tag-actualites","10":"tag-auvergne-rhone-alpes","11":"tag-edition-grenoble-agglomeration","12":"tag-eu","13":"tag-europe","14":"tag-fil-info-sport","15":"tag-fil-web","16":"tag-fr","17":"tag-france","18":"tag-grenoble","19":"tag-grenoble-bassin","20":"tag-hockey-sur-glace","21":"tag-hockey-sur-glace-grenoble","22":"tag-isere","23":"tag-news","24":"tag-republique-francaise","25":"tag-sport"},"share_on_mastodon":{"url":"https:\/\/pubeurope.com\/@fr\/115395570113573400","error":""},"_links":{"self":[{"href":"https:\/\/www.europesays.com\/fr\/wp-json\/wp\/v2\/posts\/472624","targetHints":{"allow":["GET"]}}],"collection":[{"href":"https:\/\/www.europesays.com\/fr\/wp-json\/wp\/v2\/posts"}],"about":[{"href":"https:\/\/www.europesays.com\/fr\/wp-json\/wp\/v2\/types\/post"}],"author":[{"embeddable":true,"href":"https:\/\/www.europesays.com\/fr\/wp-json\/wp\/v2\/users\/2"}],"replies":[{"embeddable":true,"href":"https:\/\/www.europesays.com\/fr\/wp-json\/wp\/v2\/comments?post=472624"}],"version-history":[{"count":0,"href":"https:\/\/www.europesays.com\/fr\/wp-json\/wp\/v2\/posts\/472624\/revisions"}],"wp:featuredmedia":[{"embeddable":true,"href":"https:\/\/www.europesays.com\/fr\/wp-json\/wp\/v2\/media\/472625"}],"wp:attachment":[{"href":"https:\/\/www.europesays.com\/fr\/wp-json\/wp\/v2\/media?parent=472624"}],"wp:term":[{"taxonomy":"category","embeddable":true,"href":"https:\/\/www.europesays.com\/fr\/wp-json\/wp\/v2\/categories?post=472624"},{"taxonomy":"post_tag","embeddable":true,"href":"https:\/\/www.europesays.com\/fr\/wp-json\/wp\/v2\/tags?post=472624"}],"curies":[{"name":"wp","href":"https:\/\/api.w.org\/{rel}","templated":true}]}}