{"id":472630,"date":"2025-10-18T14:12:14","date_gmt":"2025-10-18T14:12:14","guid":{"rendered":"https:\/\/www.europesays.com\/fr\/472630\/"},"modified":"2025-10-18T14:12:14","modified_gmt":"2025-10-18T14:12:14","slug":"une-celebration-a-la-cathedrale-mercredi","status":"publish","type":"post","link":"https:\/\/www.europesays.com\/fr\/472630\/","title":{"rendered":"une c\u00e9l\u00e9bration \u00e0 la cath\u00e9drale mercredi"},"content":{"rendered":"<p>L\u2019ann\u00e9e jubilaire 2025, lanc\u00e9e par le pape Fran\u00e7ois, a \u00e9t\u00e9 sous le signe de l\u2019esp\u00e9rance. Elle sera d\u00e9clin\u00e9e par l\u2019archev\u00eaque de Strasbourg \u00e0 travers une c\u00e9l\u00e9bration qui se tiendra le mercredi 22\u00a0octobre \u00e0 19h \u00e0 la cath\u00e9drale de Strasbourg. \u00c0 cette occasion, Mgr Delannoy invite les responsables du Conseil de l\u2019Europe et de la Cour europ\u00e9enne des droits de l\u2019homme, l\u2019ensemble des \u00e9lus alsaciens, les corps diplomatique et consulaire et les fonctionnaires \u00e0 assister \u00e0 cette c\u00e9l\u00e9bration qui sera ouverte au public. Dans le cadre de ce jubil\u00e9, le pape proposait aux gouvernements de prendre des initiatives \u00ab\u00a0qui redonnent espoir\u00a0\u00bb.<\/p>\n","protected":false},"excerpt":{"rendered":"L\u2019ann\u00e9e jubilaire 2025, lanc\u00e9e par le pape Fran\u00e7ois, a \u00e9t\u00e9 sous le signe de l\u2019esp\u00e9rance. Elle sera d\u00e9clin\u00e9e&hellip;\n","protected":false},"author":2,"featured_media":472631,"comment_status":"","ping_status":"","sticky":false,"template":"","format":"standard","meta":{"footnotes":""},"categories":[2820],"tags":[1111,11,2389,2649,2880,1777,674,107,1011,27,775,12,5889,25,104,640,2879],"class_list":{"0":"post-472630","1":"post","2":"type-post","3":"status-publish","4":"format-standard","5":"has-post-thumbnail","7":"category-strasbourg","8":"tag-actu","9":"tag-actualites","10":"tag-alsace","11":"tag-bas-rhin","12":"tag-edition-strasbourg","13":"tag-eu","14":"tag-europe","15":"tag-fil-info","16":"tag-fr","17":"tag-france","18":"tag-grand-est","19":"tag-news","20":"tag-religion-croyance","21":"tag-republique-francaise","22":"tag-societe","23":"tag-strasbourg","24":"tag-strasbourg-ville"},"share_on_mastodon":{"url":"https:\/\/pubeurope.com\/@fr\/115395581916440737","error":""},"_links":{"self":[{"href":"https:\/\/www.europesays.com\/fr\/wp-json\/wp\/v2\/posts\/472630","targetHints":{"allow":["GET"]}}],"collection":[{"href":"https:\/\/www.europesays.com\/fr\/wp-json\/wp\/v2\/posts"}],"about":[{"href":"https:\/\/www.europesays.com\/fr\/wp-json\/wp\/v2\/types\/post"}],"author":[{"embeddable":true,"href":"https:\/\/www.europesays.com\/fr\/wp-json\/wp\/v2\/users\/2"}],"replies":[{"embeddable":true,"href":"https:\/\/www.europesays.com\/fr\/wp-json\/wp\/v2\/comments?post=472630"}],"version-history":[{"count":0,"href":"https:\/\/www.europesays.com\/fr\/wp-json\/wp\/v2\/posts\/472630\/revisions"}],"wp:featuredmedia":[{"embeddable":true,"href":"https:\/\/www.europesays.com\/fr\/wp-json\/wp\/v2\/media\/472631"}],"wp:attachment":[{"href":"https:\/\/www.europesays.com\/fr\/wp-json\/wp\/v2\/media?parent=472630"}],"wp:term":[{"taxonomy":"category","embeddable":true,"href":"https:\/\/www.europesays.com\/fr\/wp-json\/wp\/v2\/categories?post=472630"},{"taxonomy":"post_tag","embeddable":true,"href":"https:\/\/www.europesays.com\/fr\/wp-json\/wp\/v2\/tags?post=472630"}],"curies":[{"name":"wp","href":"https:\/\/api.w.org\/{rel}","templated":true}]}}