{"id":472635,"date":"2025-10-18T14:15:17","date_gmt":"2025-10-18T14:15:17","guid":{"rendered":"https:\/\/www.europesays.com\/fr\/472635\/"},"modified":"2025-10-18T14:15:17","modified_gmt":"2025-10-18T14:15:17","slug":"decouvrez-le-11-de-depart-de-logc-nice-pour-affronter-lolympique-lyonnais","status":"publish","type":"post","link":"https:\/\/www.europesays.com\/fr\/472635\/","title":{"rendered":"d\u00e9couvrez le 11 de d\u00e9part de l\u2019OGC Nice pour affronter l\u2019Olympique Lyonnais"},"content":{"rendered":"<p class=\"fs-5 \">Il ne pouvait pas r\u00eaver meilleur cadeau. Le jour de son 42e anniversaire, Dante fait son retour dans le 11 de d\u00e9part ni\u00e7ois concoct\u00e9 par Franck Haise pour affronter l\u2019OL. Il s\u2019agit seulement de la quatri\u00e8me titularisation du capitaine br\u00e9silien cette saison, apr\u00e8s le match aller contre Benfica (0-2), Nantes (1-0) et la Roma (1-2). Touch\u00e9 au genou \u00e0 la mi-septembre, le taulier de la d\u00e9fense du Gym avait \u00e9t\u00e9 m\u00e9nag\u00e9 avant la tr\u00eave internationale d\u2019octobre, que ce soit face au Paris FC, \u00e0 Fenerbah\u00e7e ou \u00e0 Monaco. Franck Haise, qui esp\u00e9rait une \u00ab reprise des entra\u00eenements \u00bb de Dante apr\u00e8s la coupure, a donc \u00e9t\u00e9 entendu et a align\u00e9 l\u2019ancien du Bayern dans une d\u00e9fense \u00e0 trois hommes, compl\u00e9t\u00e9e par Mendy et Oppong, devant Diouf qui gardera sans surprise les cages du Gym.<\/p>\n<p>                                                                                Moffi bless\u00e9, Boga et Cho d\u00e9marrent devant<\/p>\n<p class=\"fs-5 \">Douzi\u00e8mes et parfois inqui\u00e9tants en ce d\u00e9but de saison, les Aiglons affrontent une \u00e9quipe lyonnaise surprenante quatri\u00e8me, et meilleure d\u00e9fense du championnat (5 buts encaiss\u00e9s, \u00e0 \u00e9galit\u00e9 avec Marseille et Paris). Un bon r\u00e9sultat cet apr\u00e8s-midi face \u00e0 un concurrent \u00e0 l\u2019Europe pourrait d\u2019une part valider le visage montr\u00e9 \u00e0 Monaco dans le derby (2-2), et d\u2019autre part lancer la saison ni\u00e7oise. Dans cette optique, Clauss et Bard sont les pistons droit et gauche du jour, accompagn\u00e9s au milieu de terrain par le tandem Boudaoui-Vanhoutte, tous les deux appel\u00e9s avec l\u2019Alg\u00e9rie et la Belgique pendant la tr\u00eave.<\/p>\n<p class=\"fs-5 \">Auteur d\u2019un doubl\u00e9 en Principaut\u00e9, Diop d\u00e9bute en meneur de jeu devant le duo Cho-Boga, les deux pouvant apporter de la profondeur pour d\u00e9stabiliser le bloc lyonnais. Le Fran\u00e7ais et l\u2019Ivoirien animeront donc l\u2019attaque en l\u2019absence de Moffi, bless\u00e9 jeudi matin au mollet lors de sa premi\u00e8re s\u00e9ance d\u2019entra\u00eenement apr\u00e8s son retour de la s\u00e9lection nig\u00e9riane. Enfin, Ndomb\u00e9l\u00e9, qui n\u2019a plus disput\u00e9 la moindre minute depuis le 23 f\u00e9vrier dernier contre Montpellier \u00e0 cause de sa pubalgie, est dans le groupe et rempla\u00e7ant pour la premi\u00e8re fois de la saison<\/p>\n<p class=\"fs-5 \">La composition :<\/p>\n<p class=\"fs-5 \">Diouf \u2013 Mendy, Oppong, Dante (C) &#8211; Clauss, Boudaoui, Vanhoutte, Bard \u2013 Diop \u2013 Cho, Boga.<\/p>\n","protected":false},"excerpt":{"rendered":"Il ne pouvait pas r\u00eaver meilleur cadeau. Le jour de son 42e anniversaire, Dante fait son retour dans&hellip;\n","protected":false},"author":2,"featured_media":472636,"comment_status":"","ping_status":"","sticky":false,"template":"","format":"standard","meta":{"footnotes":""},"categories":[2819],"tags":[1111,11,1777,674,1011,27,12,2401,54521,882,25],"class_list":{"0":"post-472635","1":"post","2":"type-post","3":"status-publish","4":"format-standard","5":"has-post-thumbnail","7":"category-nice","8":"tag-actu","9":"tag-actualites","10":"tag-eu","11":"tag-europe","12":"tag-fr","13":"tag-france","14":"tag-news","15":"tag-nice","16":"tag-ogcnice","17":"tag-provence-alpes-cote-dazur","18":"tag-republique-francaise"},"share_on_mastodon":{"url":"https:\/\/pubeurope.com\/@fr\/115395593825166119","error":""},"_links":{"self":[{"href":"https:\/\/www.europesays.com\/fr\/wp-json\/wp\/v2\/posts\/472635","targetHints":{"allow":["GET"]}}],"collection":[{"href":"https:\/\/www.europesays.com\/fr\/wp-json\/wp\/v2\/posts"}],"about":[{"href":"https:\/\/www.europesays.com\/fr\/wp-json\/wp\/v2\/types\/post"}],"author":[{"embeddable":true,"href":"https:\/\/www.europesays.com\/fr\/wp-json\/wp\/v2\/users\/2"}],"replies":[{"embeddable":true,"href":"https:\/\/www.europesays.com\/fr\/wp-json\/wp\/v2\/comments?post=472635"}],"version-history":[{"count":0,"href":"https:\/\/www.europesays.com\/fr\/wp-json\/wp\/v2\/posts\/472635\/revisions"}],"wp:featuredmedia":[{"embeddable":true,"href":"https:\/\/www.europesays.com\/fr\/wp-json\/wp\/v2\/media\/472636"}],"wp:attachment":[{"href":"https:\/\/www.europesays.com\/fr\/wp-json\/wp\/v2\/media?parent=472635"}],"wp:term":[{"taxonomy":"category","embeddable":true,"href":"https:\/\/www.europesays.com\/fr\/wp-json\/wp\/v2\/categories?post=472635"},{"taxonomy":"post_tag","embeddable":true,"href":"https:\/\/www.europesays.com\/fr\/wp-json\/wp\/v2\/tags?post=472635"}],"curies":[{"name":"wp","href":"https:\/\/api.w.org\/{rel}","templated":true}]}}