{"id":472637,"date":"2025-10-18T14:16:21","date_gmt":"2025-10-18T14:16:21","guid":{"rendered":"https:\/\/www.europesays.com\/fr\/472637\/"},"modified":"2025-10-18T14:16:21","modified_gmt":"2025-10-18T14:16:21","slug":"a-velo-prenez-un-bon-bol-dair-frais-dans-le-bocage-de-grand-lieu-decouvrez-le-circuit","status":"publish","type":"post","link":"https:\/\/www.europesays.com\/fr\/472637\/","title":{"rendered":"\u00c0 v\u00e9lo, prenez un bon bol d\u2019air frais dans le bocage de Grand Lieu\u00a0: d\u00e9couvrez le circuit"},"content":{"rendered":"<p>Quel que soit le temps, il faut prendre l\u2019air\u00a0! Excellente recommandation qui vous conduit \u00e0 chercher une destination nature id\u00e9ale pour randonner. Pr\u00e9parez votre v\u00e9lo et suivez la destination\u00a0: Grand Lieu.<\/p>\n<p>Le territoire de Grand Lieu offre diff\u00e9rents panoramas paysagers, au-del\u00e0 de la r\u00e9serve naturelle du lac, vous allez d\u00e9couvrir ces autres tr\u00e9sors d\u2019une nature pr\u00e9serv\u00e9e. Les milieux bocagers sont reconnus pour abriter une biodiversit\u00e9 importante. Elle est d\u2019autant plus foisonnante que des mares et des zones humides y sont associ\u00e9es.<\/p>\n<p>Pour cette balade \u00e0 v\u00e9lo, vous pouvez d\u00e9marrer au plan d\u2019eau de Chantemerle, \u00e0 Montbert, ou au plan d\u2019eau de Geneston. Ces espaces sont agr\u00e9ablement am\u00e9nag\u00e9s et vous offrent toutes les commodit\u00e9s pour un d\u00e9part confortable, parking, aire de pique-nique avec tables, toilettes.<\/p>\n<p>Le circuit emprunte de nombreux chemins naturels et chemins d\u2019exploitation, ainsi que de petites routes de campagne bord\u00e9es de haies, de futaies et de bosquets.<\/p>\n<p>Martres et grenouilles\u00a0prot\u00e9g\u00e9es<\/p>\n<p>Jetez un coup d\u2019\u0153il \u00e0 la forme de ces arbres\u2026 On les appelle les t\u00eatards, leur tronc est court, surmont\u00e9 d\u2019une t\u00eate et d\u2019une couronne de branches. Ils sont ainsi taill\u00e9s pour fournir du bois de chauffage. Le bocage alterne parcelles cultiv\u00e9es, espaces bois\u00e9s et prairies o\u00f9 p\u00e2turent les vaches et les chevaux.<\/p>\n<p>\u00c0 l\u2019or\u00e9e de la r\u00e9serve naturelle r\u00e9gionale du bocage humide des Cailleries, \u00e0 Saint-Colomban, ouvrez l\u2019\u0153il\u00a0: la faune y est foisonnante. Dans cet \u00e9cosyst\u00e8me unique, une multitude d\u2019insectes, de martres et de grenouilles prot\u00e9g\u00e9es ont trouv\u00e9 refuge.<\/p>\n<p>Cette balade sportive donne l\u2019occasion de d\u00e9couvrir une nature vari\u00e9e, entre les paysages ouverts qui offrent de larges points de vue, et les milieux plus ferm\u00e9s, l\u00e0 o\u00f9 la nature ne se presse pas et laisse le temps cr\u00e9er son propre terreau.<\/p>\n<p>Cette boucle n\u2019est pas balis\u00e9e, elle est une de nos suggestions de d\u00e9couverte pour relier les communes de Montbert, Geneston et Saint- Colomban \u00e0 v\u00e9lo par les sentiers de randonn\u00e9e et les routes secondaires.<\/p>\n<p>Le parcours est \u00e0 t\u00e9l\u00e9charger en fichier GPX ou en fichier PDF sur le site de l\u2019office de tourisme de Grand Lieu, o\u00f9 vous trouverez \u00e9galement diff\u00e9rentes suggestions de balades\u00a0: https:\/\/www.grandlieu-tourisme.fr\/voir-faire\/balades-et-randonnees \/<\/p>\n<p>Pour plus d\u2019informations, contactez l\u2019office de tourisme de Grand Lieu\u00a0; le bureau de Passay, \u00e0 La Chevroli\u00e8re, t\u00e9l.\u00a002\u00a040\u00a031\u00a036\u00a046\u00a0; le bureau de l\u2019abbatiale, \u00e0 Saint-Philbert-de-Grand-Lieu au 02\u00a040\u00a078\u00a022\u00a034.<\/p>\n<p>\u00c0 voir, \u00e0 faire<\/p>\n<p>? Nouveau\u00a0! D\u00e9couvrez le sentier d\u2019interpr\u00e9tation du bocage, sur le circuit de la Sorini\u00e8re, 5,5\u00a0km, d\u00e9part du complexe Yannick-Noah, \u00e0 Saint-Colomban, \u00e0 partir de 7\u00a0ans.<\/p>\n<p>? \u00c0 ne pas manquer\u00a0! Admirez les vitraux de l\u2019\u00e9glise de Montbert, qui rendent hommage aux soldats de la guerre de 1914-1918.<\/p>\n<p>? En suppl\u00e9ment, empruntez les circuits patrimoniaux des communes de Montbert et Geneston.<\/p>\n<p>Infos pratiques<\/p>\n<p><strong>Distance <\/strong>: 30\u00a0km<\/p>\n<p><strong>Dur\u00e9e\u00a0:<\/strong> 2\u00a0h\u00a030<\/p>\n<p><strong>Accessibilit\u00e9\u00a0:<\/strong> VTT \u2013 Gravel<\/p>\n<p><strong>Lieu de d\u00e9part\u00a0:<\/strong> plan d\u2019eau de Chantemerle \u00e0 Montbert ou plan d\u2019eau de Geneston.<\/p>\n<p>\u00a0<\/p>\n","protected":false},"excerpt":{"rendered":"Quel que soit le temps, il faut prendre l\u2019air\u00a0! Excellente recommandation qui vous conduit \u00e0 chercher une destination&hellip;\n","protected":false},"author":2,"featured_media":472638,"comment_status":"","ping_status":"","sticky":false,"template":"","format":"standard","meta":{"footnotes":""},"categories":[2818],"tags":[1111,11,2965,46169,59615,14106,3474,1777,674,1011,18943,27,2515,7018,766,12,2636,59614,25,208],"class_list":{"0":"post-472637","1":"post","2":"type-post","3":"status-publish","4":"format-standard","5":"has-post-thumbnail","7":"category-nantes","8":"tag-actu","9":"tag-actualites","10":"tag-air","11":"tag-bocage","12":"tag-bol","13":"tag-circuit","14":"tag-decouvrez","15":"tag-eu","16":"tag-europe","17":"tag-fr","18":"tag-frais","19":"tag-france","20":"tag-grand","21":"tag-lieu","22":"tag-nantes","23":"tag-news","24":"tag-pays-de-la-loire","25":"tag-prenez","26":"tag-republique-francaise","27":"tag-velo"},"share_on_mastodon":{"url":"https:\/\/pubeurope.com\/@fr\/115395597818585209","error":""},"_links":{"self":[{"href":"https:\/\/www.europesays.com\/fr\/wp-json\/wp\/v2\/posts\/472637","targetHints":{"allow":["GET"]}}],"collection":[{"href":"https:\/\/www.europesays.com\/fr\/wp-json\/wp\/v2\/posts"}],"about":[{"href":"https:\/\/www.europesays.com\/fr\/wp-json\/wp\/v2\/types\/post"}],"author":[{"embeddable":true,"href":"https:\/\/www.europesays.com\/fr\/wp-json\/wp\/v2\/users\/2"}],"replies":[{"embeddable":true,"href":"https:\/\/www.europesays.com\/fr\/wp-json\/wp\/v2\/comments?post=472637"}],"version-history":[{"count":0,"href":"https:\/\/www.europesays.com\/fr\/wp-json\/wp\/v2\/posts\/472637\/revisions"}],"wp:featuredmedia":[{"embeddable":true,"href":"https:\/\/www.europesays.com\/fr\/wp-json\/wp\/v2\/media\/472638"}],"wp:attachment":[{"href":"https:\/\/www.europesays.com\/fr\/wp-json\/wp\/v2\/media?parent=472637"}],"wp:term":[{"taxonomy":"category","embeddable":true,"href":"https:\/\/www.europesays.com\/fr\/wp-json\/wp\/v2\/categories?post=472637"},{"taxonomy":"post_tag","embeddable":true,"href":"https:\/\/www.europesays.com\/fr\/wp-json\/wp\/v2\/tags?post=472637"}],"curies":[{"name":"wp","href":"https:\/\/api.w.org\/{rel}","templated":true}]}}