{"id":472653,"date":"2025-10-18T14:24:15","date_gmt":"2025-10-18T14:24:15","guid":{"rendered":"https:\/\/www.europesays.com\/fr\/472653\/"},"modified":"2025-10-18T14:24:15","modified_gmt":"2025-10-18T14:24:15","slug":"marseille-la-fabrique-dun-groupe-scolaire","status":"publish","type":"post","link":"https:\/\/www.europesays.com\/fr\/472653\/","title":{"rendered":"Marseille. La fabrique d\u2019un groupe scolaire\u2026"},"content":{"rendered":"<p><img decoding=\"async\" src=\"https:\/\/www.europesays.com\/fr\/wp-content\/uploads\/2025\/10\/babrique-vue-ensemble.png\" title=\"\" alt=\"\"\/><br \/>\u00a9 Sergio Grazia<\/p>\n<p>La proposition des architectes repose sur une m\u00e9taphore forte\u00a0: un b\u00e2timent-paysage, pens\u00e9 comme une calanque urbaine. Le projet s\u2019articule autour de trois \u00e9l\u00e9ments constitutifs de l\u2019identit\u00e9 m\u00e9diterran\u00e9enne\u00a0: la roche, le v\u00e9g\u00e9tal et la lumi\u00e8re, dans une composition apais\u00e9e. La pierre massive, extraite de la carri\u00e8re de Beaulieu \u00e0 Aix-en-Provence, constitue le socle du projet.<\/p>\n<p>Assembl\u00e9e en blocs cyclop\u00e9ens, cette ressource locale \u00e0 faible empreinte carbone ancre l\u2019\u00e9difice dans son territoire et lui conf\u00e8re un caract\u00e8re intemporel. Bien plus qu\u2019un \u00e9l\u00e9ment structurel, elle r\u00e9gule la lumi\u00e8re m\u00e9diterran\u00e9enne, filtre les apports solaires, g\u00e9n\u00e8re des zones d\u2019ombre protectrices et participe au confort bioclimatique des espaces. Sur ce socle min\u00e9ral se d\u00e9ploient des volumes blancs, qui accueillent les salles de classe perch\u00e9es dans le ciel de la ville.<\/p>\n<p>L\u2019ensemble s\u2019ouvre et se fractionne au sud, tandis que les circulations verticales dessinent des articulations volum\u00e9triques au nord et \u00e0 l\u2019est. Dans chaque interstice, sur les toitures et les coursives, le v\u00e9g\u00e9tal prend place et prolonge la pr\u00e9sence des jardins p\u00e9dagogiques, lesquels s\u2019\u00e9tagent dans la hauteur. La toiture devient un plateau sportif suspendu et chaque circulation, baign\u00e9e de lumi\u00e8re naturelle, se transforme en lieu de rencontre. Chaque surface est ainsi mise au service de la vie scolaire et de l\u2019appropriation des espaces par les enfants.<\/p>\n<p><img decoding=\"async\" src=\"https:\/\/www.europesays.com\/fr\/wp-content\/uploads\/2025\/10\/fabrique-interieur.png\" title=\"\" alt=\"\"\/><br \/>\u00a9 Sergio Grazia<\/p>\n<ul>\n<li>Fond\u00e9e au cours des ann\u00e9es 80 par Jacques Brenac et Xavier Gonzalez, l\u2019agence Brenac &amp; Gonzalez &amp; Associ\u00e9s s\u2019impose comme un acteur reconnu de l\u2019architecture contemporaine fran\u00e7aise. En 2012, elle s\u2019est structur\u00e9e autour de trois autres associ\u00e9s &#8211; Jean-Pierre L\u00e9v\u00eaque, Emmanuel Person et Guillaume Mar\u00e9chaux &#8211; et r\u00e9unit une quarantaine de collaborateurs. Interdisciplinaire, l\u2019\u00e9quipe croise les regards et les comp\u00e9tences pour enrichir chaque projet, abordant une grande vari\u00e9t\u00e9 de programmes\u00a0: habitat, \u00e9quipements scolaires et culturels, projets li\u00e9s \u00e0 la sant\u00e9 ou immeubles de bureaux, r\u00e9partis de mani\u00e8re \u00e9quilibr\u00e9e entre concours publics et commandes priv\u00e9es. Anim\u00e9e par une pens\u00e9e en mouvement, elle revendique la qu\u00eate d\u2019un \u00ab\u00a0perp\u00e9tuel pr\u00e9sent\u00a0\u00bb, selon l\u2019expression d\u2019Henri Bergson. Son ambition est d\u2019inscrire chaque projet \u00e0 la fois dans son temps et hors du temps, dans une recherche constante de l\u2019\u00e9quilibre entre le fugitif et l\u2019intemporel.<\/li>\n<\/ul>\n","protected":false},"excerpt":{"rendered":"\u00a9 Sergio Grazia La proposition des architectes repose sur une m\u00e9taphore forte\u00a0: un b\u00e2timent-paysage, pens\u00e9 comme une calanque&hellip;\n","protected":false},"author":2,"featured_media":472654,"comment_status":"","ping_status":"","sticky":false,"template":"","format":"standard","meta":{"footnotes":""},"categories":[2814],"tags":[1111,47,11,1777,674,1011,27,1110,1031,884,12,882,25],"class_list":{"0":"post-472653","1":"post","2":"type-post","3":"status-publish","4":"format-standard","5":"has-post-thumbnail","7":"category-marseille","8":"tag-actu","9":"tag-actualite","10":"tag-actualites","11":"tag-eu","12":"tag-europe","13":"tag-fr","14":"tag-france","15":"tag-informations","16":"tag-magazine","17":"tag-marseille","18":"tag-news","19":"tag-provence-alpes-cote-dazur","20":"tag-republique-francaise"},"share_on_mastodon":{"url":"https:\/\/pubeurope.com\/@fr\/115395629853401625","error":""},"_links":{"self":[{"href":"https:\/\/www.europesays.com\/fr\/wp-json\/wp\/v2\/posts\/472653","targetHints":{"allow":["GET"]}}],"collection":[{"href":"https:\/\/www.europesays.com\/fr\/wp-json\/wp\/v2\/posts"}],"about":[{"href":"https:\/\/www.europesays.com\/fr\/wp-json\/wp\/v2\/types\/post"}],"author":[{"embeddable":true,"href":"https:\/\/www.europesays.com\/fr\/wp-json\/wp\/v2\/users\/2"}],"replies":[{"embeddable":true,"href":"https:\/\/www.europesays.com\/fr\/wp-json\/wp\/v2\/comments?post=472653"}],"version-history":[{"count":0,"href":"https:\/\/www.europesays.com\/fr\/wp-json\/wp\/v2\/posts\/472653\/revisions"}],"wp:featuredmedia":[{"embeddable":true,"href":"https:\/\/www.europesays.com\/fr\/wp-json\/wp\/v2\/media\/472654"}],"wp:attachment":[{"href":"https:\/\/www.europesays.com\/fr\/wp-json\/wp\/v2\/media?parent=472653"}],"wp:term":[{"taxonomy":"category","embeddable":true,"href":"https:\/\/www.europesays.com\/fr\/wp-json\/wp\/v2\/categories?post=472653"},{"taxonomy":"post_tag","embeddable":true,"href":"https:\/\/www.europesays.com\/fr\/wp-json\/wp\/v2\/tags?post=472653"}],"curies":[{"name":"wp","href":"https:\/\/api.w.org\/{rel}","templated":true}]}}