{"id":472656,"date":"2025-10-18T14:26:10","date_gmt":"2025-10-18T14:26:10","guid":{"rendered":"https:\/\/www.europesays.com\/fr\/472656\/"},"modified":"2025-10-18T14:26:10","modified_gmt":"2025-10-18T14:26:10","slug":"un-etudiant-condamne-pour-avoir-envoye-des-videos-pedocriminelles-a-des-enfants","status":"publish","type":"post","link":"https:\/\/www.europesays.com\/fr\/472656\/","title":{"rendered":"un \u00e9tudiant condamn\u00e9 pour avoir envoy\u00e9 des vid\u00e9os p\u00e9docriminelles \u00e0 des enfants"},"content":{"rendered":"<p itemprop=\"description\"><strong>C&rsquo;est un jeune homme au profil inqui\u00e9tant et instable qui s&rsquo;est pr\u00e9sent\u00e9 au tribunal correctionnel de Lyon cette semaine.<\/strong><\/p>\n<p>Etudiant d\u00e9j\u00e0 condamn\u00e9 pour atteinte sexuelle, d\u00e9tention d&rsquo;images p\u00e9dopornographiques, menaces de mort ou usage de stup\u00e9fiants, il \u00e9tait cette fois poursuivi pour avoir envoy\u00e9 des vid\u00e9os p\u00e9docriminelles \u00e0 des enfants qu&rsquo;il contactait via un jeu en ligne destin\u00e9 aux 8-15 ans.<\/p>\n<p>Apr\u00e8s avoir pris contact avec eux, ils basculaient sur la messagerie Telegram pour envoyer ses contenus illicites.<\/p>\n<p>Pour ces faits de corruption de mineurs, il a \u00e9cop\u00e9 d&rsquo;un an de prison. Une peine am\u00e9nageable qui comprend \u00e9galement une interdiction de 10 ans d&rsquo;exercer une activit\u00e9 impliquant des mineurs.<\/p>\n","protected":false},"excerpt":{"rendered":"C&rsquo;est un jeune homme au profil inqui\u00e9tant et instable qui s&rsquo;est pr\u00e9sent\u00e9 au tribunal correctionnel de Lyon cette&hellip;\n","protected":false},"author":2,"featured_media":472657,"comment_status":"","ping_status":"","sticky":false,"template":"","format":"standard","meta":{"footnotes":""},"categories":[1889],"tags":[1111,11,2813,2190,2430,1109,251,1112,2811,1777,674,118,1011,27,1922,1110,1114,2428,2810,12,241,316,25,2812,517,800],"class_list":{"0":"post-472656","1":"post","2":"type-post","3":"status-publish","4":"format-standard","5":"has-post-thumbnail","7":"category-lyon","8":"tag-actu","9":"tag-actualites","10":"tag-article","11":"tag-asvel","12":"tag-auvergne-rhone-alpes","13":"tag-breves","14":"tag-culture","15":"tag-depeches","16":"tag-economique","17":"tag-eu","18":"tag-europe","19":"tag-faits-divers","20":"tag-fr","21":"tag-france","22":"tag-info","23":"tag-informations","24":"tag-infos","25":"tag-lyon","26":"tag-lyonmag","27":"tag-news","28":"tag-ol","29":"tag-politique","30":"tag-republique-francaise","31":"tag-sociale","32":"tag-sport","33":"tag-transports"},"share_on_mastodon":{"url":"https:\/\/pubeurope.com\/@fr\/115395636991358845","error":""},"_links":{"self":[{"href":"https:\/\/www.europesays.com\/fr\/wp-json\/wp\/v2\/posts\/472656","targetHints":{"allow":["GET"]}}],"collection":[{"href":"https:\/\/www.europesays.com\/fr\/wp-json\/wp\/v2\/posts"}],"about":[{"href":"https:\/\/www.europesays.com\/fr\/wp-json\/wp\/v2\/types\/post"}],"author":[{"embeddable":true,"href":"https:\/\/www.europesays.com\/fr\/wp-json\/wp\/v2\/users\/2"}],"replies":[{"embeddable":true,"href":"https:\/\/www.europesays.com\/fr\/wp-json\/wp\/v2\/comments?post=472656"}],"version-history":[{"count":0,"href":"https:\/\/www.europesays.com\/fr\/wp-json\/wp\/v2\/posts\/472656\/revisions"}],"wp:featuredmedia":[{"embeddable":true,"href":"https:\/\/www.europesays.com\/fr\/wp-json\/wp\/v2\/media\/472657"}],"wp:attachment":[{"href":"https:\/\/www.europesays.com\/fr\/wp-json\/wp\/v2\/media?parent=472656"}],"wp:term":[{"taxonomy":"category","embeddable":true,"href":"https:\/\/www.europesays.com\/fr\/wp-json\/wp\/v2\/categories?post=472656"},{"taxonomy":"post_tag","embeddable":true,"href":"https:\/\/www.europesays.com\/fr\/wp-json\/wp\/v2\/tags?post=472656"}],"curies":[{"name":"wp","href":"https:\/\/api.w.org\/{rel}","templated":true}]}}