{"id":472660,"date":"2025-10-18T14:29:12","date_gmt":"2025-10-18T14:29:12","guid":{"rendered":"https:\/\/www.europesays.com\/fr\/472660\/"},"modified":"2025-10-18T14:29:12","modified_gmt":"2025-10-18T14:29:12","slug":"cest-toujours-moins-cher-de-reparer-ici-lelectromenager-dile-de-france-trouve-une-seconde-vie","status":"publish","type":"post","link":"https:\/\/www.europesays.com\/fr\/472660\/","title":{"rendered":"\u00ab\u00a0C\u2019est toujours moins cher de r\u00e9parer\u00a0\u00bb\u00a0: ici, l\u2019\u00e9lectrom\u00e9nager d\u2019\u00cele-de-France trouve une seconde vie"},"content":{"rendered":"<p class=\"paragraph text_align_left lp-f-body-02\">Une machine \u00e0 caf\u00e9 qui d\u00e9raille, un aspirateur \u00e0 bout de souffle ou encore une cha\u00eene hi-fi qui gr\u00e9sille. Votre premier r\u00e9flexe : le jeter ? Pas si vite. Votre petit \u00e9lectrom\u00e9nager en a peut-\u00eatre encore sous le capot et pourrait bien b\u00e9n\u00e9ficier d\u2019une seconde vie. O\u00f9 \u00e7a ? En \u00cele-de-France. \u00c0 Bezons (Val-d\u2019Oise) plus pr\u00e9cis\u00e9ment, o\u00f9 se trouve le <a href=\"https:\/\/www.leparisien.fr\/val-d-oise-95\/bezons-avec-son-indice-de-reparabilite-des-objets-ce-centre-lutte-contre-le-gaspi-11-07-2019-8114847.php\" target=\"_blank\" rel=\"noreferrer noopener\">plus gros centre de service apr\u00e8s-vente <\/a>(SAV) du groupe Fnac Darty, depuis 2006.<\/p>\n<p class=\"paragraph text_align_left lp-f-body-02\">Sur place, une centaine de techniciens vont et viennent, les bras charg\u00e9s d\u2019une cocotte-minute ou d\u2019une cafeti\u00e8re (toutes marques confondues) tomb\u00e9es en rade. Un ballet quotidien accompagn\u00e9 par les vrombissements des perceuses et une lointaine musique \u00e9manant d\u2019une imposante enceinte.<\/p>\n","protected":false},"excerpt":{"rendered":"Une machine \u00e0 caf\u00e9 qui d\u00e9raille, un aspirateur \u00e0 bout de souffle ou encore une cha\u00eene hi-fi qui&hellip;\n","protected":false},"author":2,"featured_media":472661,"comment_status":"","ping_status":"","sticky":false,"template":"","format":"standard","meta":{"footnotes":""},"categories":[1592],"tags":[1111,11,33,1777,674,1011,27,662,1944,12,626,25,6601],"class_list":{"0":"post-472660","1":"post","2":"type-post","3":"status-publish","4":"format-standard","5":"has-post-thumbnail","7":"category-ile-de-france","8":"tag-actu","9":"tag-actualites","10":"tag-economie","11":"tag-eu","12":"tag-europe","13":"tag-fr","14":"tag-france","15":"tag-ile-de-france","16":"tag-ma-ville","17":"tag-news","18":"tag-paris","19":"tag-republique-francaise","20":"tag-val-d-oise"},"share_on_mastodon":{"url":"https:\/\/pubeurope.com\/@fr\/115395648804301864","error":""},"_links":{"self":[{"href":"https:\/\/www.europesays.com\/fr\/wp-json\/wp\/v2\/posts\/472660","targetHints":{"allow":["GET"]}}],"collection":[{"href":"https:\/\/www.europesays.com\/fr\/wp-json\/wp\/v2\/posts"}],"about":[{"href":"https:\/\/www.europesays.com\/fr\/wp-json\/wp\/v2\/types\/post"}],"author":[{"embeddable":true,"href":"https:\/\/www.europesays.com\/fr\/wp-json\/wp\/v2\/users\/2"}],"replies":[{"embeddable":true,"href":"https:\/\/www.europesays.com\/fr\/wp-json\/wp\/v2\/comments?post=472660"}],"version-history":[{"count":0,"href":"https:\/\/www.europesays.com\/fr\/wp-json\/wp\/v2\/posts\/472660\/revisions"}],"wp:featuredmedia":[{"embeddable":true,"href":"https:\/\/www.europesays.com\/fr\/wp-json\/wp\/v2\/media\/472661"}],"wp:attachment":[{"href":"https:\/\/www.europesays.com\/fr\/wp-json\/wp\/v2\/media?parent=472660"}],"wp:term":[{"taxonomy":"category","embeddable":true,"href":"https:\/\/www.europesays.com\/fr\/wp-json\/wp\/v2\/categories?post=472660"},{"taxonomy":"post_tag","embeddable":true,"href":"https:\/\/www.europesays.com\/fr\/wp-json\/wp\/v2\/tags?post=472660"}],"curies":[{"name":"wp","href":"https:\/\/api.w.org\/{rel}","templated":true}]}}