{"id":472662,"date":"2025-10-18T14:30:16","date_gmt":"2025-10-18T14:30:16","guid":{"rendered":"https:\/\/www.europesays.com\/fr\/472662\/"},"modified":"2025-10-18T14:30:16","modified_gmt":"2025-10-18T14:30:16","slug":"a-paris-le-secours-populaire-veut-encourager-les-etudiants-a-mieux-manger-actualites","status":"publish","type":"post","link":"https:\/\/www.europesays.com\/fr\/472662\/","title":{"rendered":"A Paris, le Secours populaire veut encourager les \u00e9tudiants \u00e0 mieux manger : Actualit\u00e9s"},"content":{"rendered":"<p class=\"lead \">Couteau \u00e0 la main, une quinzaine d&rsquo;\u00e9tudiants s&rsquo;affairent autour d&rsquo;une longue table en bois. Leur d\u00e9fi: pr\u00e9parer ensemble avec l&rsquo;aide d&rsquo;un chef un plat sain, \u00e9conomique et go\u00fbteux, qu&rsquo;ils pourront \u00e9ventuellement reproduire chez eux.<\/p>\n<p class=\"lead \">Au menu: du poulet croustillant, avec une sauce tigre \u00e9pic\u00e9e et de la pur\u00e9e de pommes de terre. Un plat \u00ab\u00a0branch\u00e9 et bon pour la sant\u00e9\u00a0\u00bb, assure Xavier Pincemin, ancien vainqueur de l&rsquo;\u00e9mission \u00ab\u00a0Top chef\u00a0\u00bb, qui anime cet atelier, organis\u00e9 en ce d\u00e9but d&rsquo;ann\u00e9e universitaire par la F\u00e9d\u00e9ration de Paris du Secours populaire. Co\u00fbt de la portion ? Environ trois euros, selon lui.<\/p>\n<p class=\"lead \">Pour pr\u00e9parer la sauce, certains jeunes \u00e9mincent de la coriandre, d&rsquo;autres taillent du gingembre, quelques-uns d\u00e9coupent finement des piments rouges. Les odeurs d&rsquo;\u00e9pices impr\u00e8gnent la salle du restaurant du Rosa Bonheur, un \u00e9tablissement situ\u00e9 dans le XIXe arrondissement parisien. <\/p>\n<p class=\"lead \">\u00ab\u00a0Je ne cuisine pas souvent mais j&rsquo;essaie d&rsquo;apprendre\u00a0\u00bb, explique \u00e0 l&rsquo;AFP Rochen, 19 ans, \u00e9tudiant en gestion des entreprises et des administrations, tout en manipulant avec attention son couteau \u00e9minceur. \u00ab\u00a0C&rsquo;est important et c&rsquo;est pour \u00e7a que je suis venu\u00a0\u00bb.<\/p>\n<p class=\"lead \">Ses voisins de table versent de la sauce soja et de l&rsquo;huile de s\u00e9same dans de grands bols. Chacun r\u00e9cup\u00e8re ensuite dans un saladier g\u00e9ant un blanc de poulet \u00e0 d\u00e9couper en longueur. Le brouhaha des conversations remplace peu \u00e0 peu les claquements des couteaux sur les planches.<\/p>\n<p class=\"lead \">\u00ab\u00a0L&rsquo;id\u00e9e c&rsquo;\u00e9tait de sortir les \u00e9tudiants de leur quotidien, la cuisine permet \u00e0 la fois de cr\u00e9er du lien social et de reprendre plaisir \u00e0 manger\u00a0\u00bb, souligne aupr\u00e8s de l&rsquo;AFP Abdelsem Ghazi, secr\u00e9taire g\u00e9n\u00e9ral de la F\u00e9d\u00e9ration de Paris du Secours populaire, qui tient dans la capitale trois permanences d\u00e9di\u00e9es aux \u00e9tudiants en difficult\u00e9. Celles-ci ont re\u00e7u l&rsquo;an dernier plus de 500 jeunes, un nombre en nette hausse.<\/p>\n<p class=\"lead \">&#8211; Produits de base &#8211;<\/p>\n<p class=\"lead \">La pr\u00e9carit\u00e9 \u00e9tudiante s&rsquo;est enracin\u00e9e en France depuis les ann\u00e9es 2000, selon un rapport parlementaire publi\u00e9 au d\u00e9but du mois. Pour lutter contre cette situation, ce document recommande de r\u00e9former le syst\u00e8me des bourses afin de le rendre plus redistributif.<\/p>\n<p class=\"lead \">Pour les jeunes, le budget d\u00e9di\u00e9 \u00e0 l&rsquo;alimentation est souvent une variable d&rsquo;ajustement, faute d&rsquo;alternative. <\/p>\n<p class=\"lead \">Siaka Sylla, 25 ans, \u00e9tudiant en gestion des ressources humaines, a pris \u00ab\u00a0l&rsquo;habitude de beaucoup cuisiner\u00a0\u00bb: \u00ab\u00a0comme \u00e7a, je fais des \u00e9conomies\u00a0\u00bb, indique-t-il \u00e0 l&rsquo;AFP, apr\u00e8s avoir particip\u00e9 \u00e0 la pr\u00e9paration du poulet croustillant. Il b\u00e9n\u00e9ficie aussi de l&rsquo;aide du Secours populaire.<\/p>\n<p class=\"lead \">Selon un r\u00e9cent barom\u00e8tre de l&rsquo;association sp\u00e9cialis\u00e9e Cop1, 16% des \u00e9tudiants d\u00e9clarent avoir d\u00e9j\u00e0 eu recours \u00e0 l&rsquo;aide alimentaire.<\/p>\n<p class=\"lead \">De l&rsquo;autre c\u00f4t\u00e9 de la salle du restaurant, un second groupe pr\u00e9pare un plat de p\u00e2tes maison \u00e0 la sauce tomate et \u00e0 la mozzarella, avec l&rsquo;aide du chef \u00e9toil\u00e9 italien Simone Zanoni. <\/p>\n<p class=\"lead \">\u00ab\u00a0On peut bien manger avec des produits de base\u00a0\u00bb, \u00ab\u00a0c&rsquo;est accessible \u00e0 tous\u00a0\u00bb, observe aupr\u00e8s de l&rsquo;AFP Jimmy Mohamed, m\u00e9decin et animateur, qui a propos\u00e9 aux \u00e9tudiants un quizz sur l&rsquo;alimentation avant les ateliers.<\/p>\n<p class=\"lead \">Pour le premier groupe, il temps de passer \u00e0 la cuisson du poulet. Les participants se serrent dans la cuisine situ\u00e9e au sous-sol de l&rsquo;\u00e9tablissement. Le chef guide l&rsquo;un de ses brigadiers du jour dans l&rsquo;utilisation de la friteuse. Et vient enfin l&rsquo;heure de go\u00fbter le plat.<\/p>\n<p class=\"lead \">\u00ab\u00a0On s&rsquo;est bien coordonn\u00e9s pour faire la recette\u00a0\u00bb, se r\u00e9jouit aupr\u00e8s de l&rsquo;AFP Sindia, 20 ans, \u00e0 l&rsquo;issue de la d\u00e9gustation. \u00ab\u00a0Je voudrais la refaire !\u00a0\u00bb. Habituellement, cette \u00e9tudiante infirmi\u00e8re ach\u00e8te \u00ab\u00a0peu de viande car c&rsquo;est cher\u00a0\u00bb et privil\u00e9gie \u00ab\u00a0des plats de riz et l\u00e9gumes\u00a0\u00bb, \u00ab\u00a0rapides et faciles \u00e0 faire\u00a0\u00bb.<\/p>\n<p class=\"small font-weight-bold text-gray3 \"> publi\u00e9 le 18 octobre \u00e0 16h08, AFP<\/p>\n<p>                             Partager<\/p>\n","protected":false},"excerpt":{"rendered":"Couteau \u00e0 la main, une quinzaine d&rsquo;\u00e9tudiants s&rsquo;affairent autour d&rsquo;une longue table en bois. Leur d\u00e9fi: pr\u00e9parer ensemble&hellip;\n","protected":false},"author":2,"featured_media":472663,"comment_status":"","ping_status":"","sticky":false,"template":"","format":"standard","meta":{"footnotes":""},"categories":[1888],"tags":[7620,1111,1928,11,1927,258,4077,1777,674,1011,27,12,1926,626,1925,19280,25,13791,801],"class_list":{"0":"post-472662","1":"post","2":"type-post","3":"status-publish","4":"format-standard","5":"has-post-thumbnail","7":"category-paris","8":"tag-tudiants","9":"tag-actu","10":"tag-actu-paris","11":"tag-actualites","12":"tag-actualites-paris","13":"tag-alimentation","14":"tag-association","15":"tag-eu","16":"tag-europe","17":"tag-fr","18":"tag-france","19":"tag-news","20":"tag-news-paris","21":"tag-paris","22":"tag-paris-news","23":"tag-pauvret","24":"tag-republique-francaise","25":"tag-socit","26":"tag-social"},"share_on_mastodon":{"url":"https:\/\/pubeurope.com\/@fr\/115395652715197818","error":""},"_links":{"self":[{"href":"https:\/\/www.europesays.com\/fr\/wp-json\/wp\/v2\/posts\/472662","targetHints":{"allow":["GET"]}}],"collection":[{"href":"https:\/\/www.europesays.com\/fr\/wp-json\/wp\/v2\/posts"}],"about":[{"href":"https:\/\/www.europesays.com\/fr\/wp-json\/wp\/v2\/types\/post"}],"author":[{"embeddable":true,"href":"https:\/\/www.europesays.com\/fr\/wp-json\/wp\/v2\/users\/2"}],"replies":[{"embeddable":true,"href":"https:\/\/www.europesays.com\/fr\/wp-json\/wp\/v2\/comments?post=472662"}],"version-history":[{"count":0,"href":"https:\/\/www.europesays.com\/fr\/wp-json\/wp\/v2\/posts\/472662\/revisions"}],"wp:featuredmedia":[{"embeddable":true,"href":"https:\/\/www.europesays.com\/fr\/wp-json\/wp\/v2\/media\/472663"}],"wp:attachment":[{"href":"https:\/\/www.europesays.com\/fr\/wp-json\/wp\/v2\/media?parent=472662"}],"wp:term":[{"taxonomy":"category","embeddable":true,"href":"https:\/\/www.europesays.com\/fr\/wp-json\/wp\/v2\/categories?post=472662"},{"taxonomy":"post_tag","embeddable":true,"href":"https:\/\/www.europesays.com\/fr\/wp-json\/wp\/v2\/tags?post=472662"}],"curies":[{"name":"wp","href":"https:\/\/api.w.org\/{rel}","templated":true}]}}