{"id":472664,"date":"2025-10-18T14:31:17","date_gmt":"2025-10-18T14:31:17","guid":{"rendered":"https:\/\/www.europesays.com\/fr\/472664\/"},"modified":"2025-10-18T14:31:17","modified_gmt":"2025-10-18T14:31:17","slug":"comment-de-faux-sites-dinformation-locale-generes-par-ia-menacent-les-elections-municipales","status":"publish","type":"post","link":"https:\/\/www.europesays.com\/fr\/472664\/","title":{"rendered":"Comment de faux sites d\u2019information locale g\u00e9n\u00e9r\u00e9s par IA menacent les \u00e9lections municipales"},"content":{"rendered":"<p class=\"paragraph text_align_left lp-f-body-02\">actuiledefrance.fr, echorhonealpes.fr, lejournalnormand.fr, ou encore midi-pyreneesactualite.fr : en apparence, ces sites web ont tout de m\u00e9dias locaux classiques, du nom qu\u2019ils utilisent jusqu\u2019aux rubriques mises en avant (actualit\u00e9 locale, politique, faits divers, \u00e9conomie\u2026). En revanche, leurs articles ne sont sign\u00e9s par aucun journaliste.<\/p>\n","protected":false},"excerpt":{"rendered":"actuiledefrance.fr, echorhonealpes.fr, lejournalnormand.fr, ou encore midi-pyreneesactualite.fr : en apparence, ces sites web ont tout de m\u00e9dias locaux classiques,&hellip;\n","protected":false},"author":2,"featured_media":472665,"comment_status":"","ping_status":"","sticky":false,"template":"","format":"standard","meta":{"footnotes":""},"categories":[1888],"tags":[1111,1928,11,1927,5949,1777,674,1011,27,3554,12,1926,626,1925,316,25],"class_list":{"0":"post-472664","1":"post","2":"type-post","3":"status-publish","4":"format-standard","5":"has-post-thumbnail","7":"category-paris","8":"tag-actu","9":"tag-actu-paris","10":"tag-actualites","11":"tag-actualites-paris","12":"tag-elections","13":"tag-eu","14":"tag-europe","15":"tag-fr","16":"tag-france","17":"tag-municipales","18":"tag-news","19":"tag-news-paris","20":"tag-paris","21":"tag-paris-news","22":"tag-politique","23":"tag-republique-francaise"},"share_on_mastodon":{"url":"https:\/\/pubeurope.com\/@fr\/115395656610073473","error":""},"_links":{"self":[{"href":"https:\/\/www.europesays.com\/fr\/wp-json\/wp\/v2\/posts\/472664","targetHints":{"allow":["GET"]}}],"collection":[{"href":"https:\/\/www.europesays.com\/fr\/wp-json\/wp\/v2\/posts"}],"about":[{"href":"https:\/\/www.europesays.com\/fr\/wp-json\/wp\/v2\/types\/post"}],"author":[{"embeddable":true,"href":"https:\/\/www.europesays.com\/fr\/wp-json\/wp\/v2\/users\/2"}],"replies":[{"embeddable":true,"href":"https:\/\/www.europesays.com\/fr\/wp-json\/wp\/v2\/comments?post=472664"}],"version-history":[{"count":0,"href":"https:\/\/www.europesays.com\/fr\/wp-json\/wp\/v2\/posts\/472664\/revisions"}],"wp:featuredmedia":[{"embeddable":true,"href":"https:\/\/www.europesays.com\/fr\/wp-json\/wp\/v2\/media\/472665"}],"wp:attachment":[{"href":"https:\/\/www.europesays.com\/fr\/wp-json\/wp\/v2\/media?parent=472664"}],"wp:term":[{"taxonomy":"category","embeddable":true,"href":"https:\/\/www.europesays.com\/fr\/wp-json\/wp\/v2\/categories?post=472664"},{"taxonomy":"post_tag","embeddable":true,"href":"https:\/\/www.europesays.com\/fr\/wp-json\/wp\/v2\/tags?post=472664"}],"curies":[{"name":"wp","href":"https:\/\/api.w.org\/{rel}","templated":true}]}}