{"id":472666,"date":"2025-10-18T14:32:11","date_gmt":"2025-10-18T14:32:11","guid":{"rendered":"https:\/\/www.europesays.com\/fr\/472666\/"},"modified":"2025-10-18T14:32:11","modified_gmt":"2025-10-18T14:32:11","slug":"municipales-2026-a-paris-clement-beaune-veut-barrer-la-route-a-rachida-dati","status":"publish","type":"post","link":"https:\/\/www.europesays.com\/fr\/472666\/","title":{"rendered":"Municipales 2026 \u00e0 Paris : Cl\u00e9ment Beaune veut barrer la route \u00e0 Rachida Dati"},"content":{"rendered":"\n<p>\u201cComme je vous l\u2019ai dit, je suis pr\u00eat \u00e0 mener ce combat. Je le dis aussi: ce qui m\u2019importe avant tout, dans un moment si critique, c\u2019est le succ\u00e8s collectif et la d\u00e9fense de nos valeurs\u201d, \u00e9crit l\u2019ex-d\u00e9put\u00e9 de Paris dans une lettre aux militants parisiens du mouvement pr\u00e9sidentiel consult\u00e9e samedi par l\u2019AFP.<\/p>\n<p>\u201cNous devons \u00eatre ouverts \u00e0 soutenir un candidat du bloc central qui partagerait notre projet et notre \u00e9thique\u201d, poursuit Cl\u00e9ment Beaune, laissant la porte ouverte \u00e0 un soutien \u00e0 Pierre-Yves Bournazel, candidat Horizons \u00e0 l\u2019h\u00f4tel de ville. Ce dernier a lanc\u00e9 sa campagne en juin lors d\u2019une r\u00e9union \u00e0 laquelle Cl\u00e9ment Beaune avait d\u2019ailleurs assist\u00e9.<\/p>\n<p>En revanche, souligne le haut-commissaire \u00e0 la Strat\u00e9gie et au Plan en visant Rachida Dati mais sans la nommer, \u201cnotre parti mourra s\u2019il devient le marchepied d\u2019une candidature r\u00e9publicaine qui ne repr\u00e9sente ni nos id\u00e9es, ni nos valeurs\u201d.<\/p>\n<p>\u201cChacun le sait : cette option nous diviserait profond\u00e9ment ; le nombre de militants partiraient, d\u00e9finitivement\u201d, pr\u00e9vient cette figure de l\u2019aile gauche de la macronie.<\/p>\n<p>La maire du VIIe arrondissement et ministre de la Culture a \u00e9t\u00e9 investie fin ao\u00fbt par Les R\u00e9publicains pour mener la bataille des municipales \u00e0 Paris en mars 2026 et succ\u00e9der \u00e0 la socialiste Anne Hidalgo.<\/p>\n<p>L\u2019ex-garde des Sceaux de Nicolas Sarkozy doit cependant \u00eatre jug\u00e9e en septembre 2026 pour corruption et trafic d\u2019influence, soup\u00e7onn\u00e9e d\u2019avoir ind\u00fbment per\u00e7u 900 000 euros entre 2010 et 2012 d\u2019une filiale de l\u2019alliance Renault-Nissan, quand Carlos Ghosn en \u00e9tait le PDG et elle-m\u00eame eurod\u00e9put\u00e9e. Des charges qu\u2019elle conteste.<\/p>\n<p>Rachida Dati fait par ailleurs l\u2019objet d\u2019une enqu\u00eate visant l\u2019\u00e9ventuelle non-d\u00e9claration de bijoux de luxe \u00e0 la Haute Autorit\u00e9 pour la transparence de la vie publique (HATVP), accusation qu\u2019elle r\u00e9fute \u00e9galement.<\/p>\n<p>La candidate LR a inaugur\u00e9 jeudi soir son QG de campagne, en pr\u00e9sence notamment de deux figures parisiennes du parti Renaissance, le ministre d\u00e9l\u00e9gu\u00e9 Benjamin Haddad et le d\u00e9put\u00e9 Sylvain Maillard.<\/p>\n","protected":false},"excerpt":{"rendered":"\u201cComme je vous l\u2019ai dit, je suis pr\u00eat \u00e0 mener ce combat. Je le dis aussi: ce qui&hellip;\n","protected":false},"author":2,"featured_media":472667,"comment_status":"","ping_status":"","sticky":false,"template":"","format":"standard","meta":{"footnotes":""},"categories":[1888],"tags":[11,2618,48744,1770,1777,674,1011,27,23089,2616,3434,30216,12,3091,626,59616,417,3370,25,27544],"class_list":{"0":"post-472666","1":"post","2":"type-post","3":"status-publish","4":"format-standard","5":"has-post-thumbnail","7":"category-paris","8":"tag-actualites","9":"tag-anne-hidalgo","10":"tag-clement-beaune","11":"tag-corruption","12":"tag-eu","13":"tag-europe","14":"tag-fr","15":"tag-france","16":"tag-hotel-de-ville","17":"tag-ministre-de-la-culture","18":"tag-municipales-2026","19":"tag-municipales-2026-a-paris","20":"tag-news","21":"tag-nicolas-sarkozy","22":"tag-paris","23":"tag-pierre-yves-bournazel","24":"tag-rachida-dati","25":"tag-renaissance","26":"tag-republique-francaise","27":"tag-sylvain-maillard"},"share_on_mastodon":{"url":"https:\/\/pubeurope.com\/@fr\/115395660631327939","error":""},"_links":{"self":[{"href":"https:\/\/www.europesays.com\/fr\/wp-json\/wp\/v2\/posts\/472666","targetHints":{"allow":["GET"]}}],"collection":[{"href":"https:\/\/www.europesays.com\/fr\/wp-json\/wp\/v2\/posts"}],"about":[{"href":"https:\/\/www.europesays.com\/fr\/wp-json\/wp\/v2\/types\/post"}],"author":[{"embeddable":true,"href":"https:\/\/www.europesays.com\/fr\/wp-json\/wp\/v2\/users\/2"}],"replies":[{"embeddable":true,"href":"https:\/\/www.europesays.com\/fr\/wp-json\/wp\/v2\/comments?post=472666"}],"version-history":[{"count":0,"href":"https:\/\/www.europesays.com\/fr\/wp-json\/wp\/v2\/posts\/472666\/revisions"}],"wp:featuredmedia":[{"embeddable":true,"href":"https:\/\/www.europesays.com\/fr\/wp-json\/wp\/v2\/media\/472667"}],"wp:attachment":[{"href":"https:\/\/www.europesays.com\/fr\/wp-json\/wp\/v2\/media?parent=472666"}],"wp:term":[{"taxonomy":"category","embeddable":true,"href":"https:\/\/www.europesays.com\/fr\/wp-json\/wp\/v2\/categories?post=472666"},{"taxonomy":"post_tag","embeddable":true,"href":"https:\/\/www.europesays.com\/fr\/wp-json\/wp\/v2\/tags?post=472666"}],"curies":[{"name":"wp","href":"https:\/\/api.w.org\/{rel}","templated":true}]}}