{"id":472668,"date":"2025-10-18T14:33:13","date_gmt":"2025-10-18T14:33:13","guid":{"rendered":"https:\/\/www.europesays.com\/fr\/472668\/"},"modified":"2025-10-18T14:33:13","modified_gmt":"2025-10-18T14:33:13","slug":"opera-de-paris-propose-des-avant-premieres-a-10e-pour-les-moins-de-28-ans","status":"publish","type":"post","link":"https:\/\/www.europesays.com\/fr\/472668\/","title":{"rendered":"Op\u00e9ra de Paris propose des avant-premi\u00e8res \u00e0 10\u20ac pour les moins de 28 ans"},"content":{"rendered":"<p>ParisSelect &#8211; Op\u00e9ra de Paris propose des avant-premi\u00e8res \u00e0 10\u20ac pour les moins de 28 ans<\/p>\n<p>\u00c0 Paris, une porte s\u2019ouvre pour les jeunes <a href=\"https:\/\/www.parisselectbook.com\/2025\/10\/14\/maroc-les-retraites-choisissent-desormais-une-ile-europeenne-a-prix-casse\/\" target=\"_blank\" rel=\"noopener\">budgets<\/a>. Ainsi, l\u2019Op\u00e9ra de Paris propose des avant-premi\u00e8res \u00e0 tarif doux. Le principe est simple et change une soir\u00e9e enti\u00e8re.<\/p>\n<p>Avant-premi\u00e8res \u00e0 10 euros : ce qu\u2019il faut savoir<\/p>\n<p>Ces rendez-vous sont r\u00e9serv\u00e9s aux <strong>moins de 28 ans<\/strong>. \u00c0 chaque date, le public profite d\u2019une place \u00e0 <strong>10 euros<\/strong>. De plus, l\u2019initiative couvre op\u00e9ra et ballet, selon les <a href=\"https:\/\/www.parisselectbook.com\/2025\/10\/17\/5-villages-francais-meconnus-deviennent-les-destinations-tendance-de-2026\/\" target=\"_blank\" rel=\"noopener\">programmes<\/a>. L\u2019Op\u00e9ra de Paris en fait un moment d\u00e9di\u00e9 \u00e0 la jeunesse.<\/p>\n<p>Les <strong>avant-premi\u00e8res<\/strong> se tiennent au <a href=\"https:\/\/www.parisselectbook.com\/2025\/09\/16\/exposition-secrete-des-costumes-du-palais-garnier-2025\/\" target=\"_blank\" rel=\"noopener\"><strong>Palais Garnier<\/strong><\/a> et \u00e0 l\u2019<strong>Op\u00e9ra Bastille<\/strong>. Ainsi, les spectateurs d\u00e9couvrent les productions dans de belles conditions. Le cadre iconique renforce l\u2019attrait de l\u2019Op\u00e9ra de Paris.<\/p>\n<p>Pour qui, quand, comment<\/p>\n<p>Le dispositif s\u2019adresse aux \u00e9tudiants, apprentis, jeunes actifs et curieux. Aussi, chaque billet est nominatif, sous r\u00e9serve des modalit\u00e9s pr\u00e9cis\u00e9es par la <a href=\"https:\/\/www.parisselectbook.com\/2025\/10\/17\/vacances-de-la-toussaint-chez-les-maisons-de-campagne-detente-et-magie-pour-toute-la-famille\/\" target=\"_blank\" rel=\"noopener\">maison<\/a>. L\u2019Op\u00e9ra communique les dates selon l\u2019avancement de la saison.<\/p>\n<blockquote>\n<p>\u00ab \u00c0 10 euros, l\u2019avant-premi\u00e8re ouvre grand la sc\u00e8ne aux moins de 28 ans. \u00bb<\/p>\n<\/blockquote>\n<p>Sur place, une pi\u00e8ce d\u2019identit\u00e9 peut \u00eatre demand\u00e9e lors du contr\u00f4le. Par cons\u00e9quent, pr\u00e9vois un document et arrive quelques minutes en avance. Les \u00e9quipes de l\u2019Op\u00e9ra de Paris restent disponibles et bienveillantes.<\/p>\n<p>Ces soir\u00e9es cr\u00e9ent une ambiance vive et attentive. D\u2019ailleurs, beaucoup en profitent pour vivre un premier op\u00e9ra ou un premier ballet. L\u2019exp\u00e9rience donne envie de revenir \u00e0 l\u2019Op\u00e9ra de Paris.<\/p>\n<ul>\n<li>Tarif unique : <strong>10 euros<\/strong><\/li>\n<li>Public cible : <strong>moins de 28 ans<\/strong><\/li>\n<li>Avant-premi\u00e8res op\u00e9ra et ballet<\/li>\n<li>Lieux : <strong>Palais Garnier<\/strong> et <strong>Op\u00e9ra Bastille<\/strong><\/li>\n<li>V\u00e9rification d\u2019identit\u00e9 possible \u00e0 l\u2019entr\u00e9e<\/li>\n<\/ul>\n<p>Ce que propose la saison<\/p>\n<p>Selon la p\u00e9riode, la programmation alterne classiques et cr\u00e9ations. Ainsi, le spectre va du grand r\u00e9pertoire aux pi\u00e8ces contemporaines. L\u2019Op\u00e9ra de Paris y pr\u00e9sente des distributions phares ou des talents \u00e9mergents.<\/p>\n<p>Le tarif <strong>10 euros<\/strong> rend ces \u0153uvres tr\u00e8s accessibles. De plus, la salle est pleine d\u2019\u00e9nergie, car le public se reconna\u00eet. Cela nourrit un lien durable avec l\u2019Op\u00e9ra de Paris.<\/p>\n<p>Pas de r\u00e9f\u00e9rence produit industriel, \u00e9lectronique ou consommable dans le contenu principal. Ainsi, le texte concerne exclusivement des spectacles vivants, offres tarifaires et dispositifs d\u2019acc\u00e8s culturel.<br \/>Aucune r\u00e9f\u00e9rence au format \u00ab Marque \u2014 R\u00e9f\u00e9rence exacte \u00bb n\u2019est d\u00e9tect\u00e9e. Les \u00ab produits \u00bb cit\u00e9s sont des repr\u00e9sentations artistiques, non des biens manufactur\u00e9s. En bref, si tu souhaites la liste exacte des spectacles et offres, pr\u00e9cise-le.<\/p>\n<p>Conseils pratiques pour r\u00e9server<\/p>\n<p>Inscris les dates d\u2019avant-premi\u00e8re d\u00e8s leur annonce officielle. Ainsi, tu r\u00e9duis le risque de manquer l\u2019ouverture des ventes. Suis les canaux d\u2019information de l\u2019Op\u00e9ra de Paris.<\/p>\n<p>Choisis un si\u00e8ge selon tes priorit\u00e9s, sc\u00e8ne ou acoustique. En revanche, n\u2019h\u00e9site pas \u00e0 demander conseil en amont. Plusieurs niveaux offrent de bonnes vues dans chaque salle. Chaque salle de l\u2019Op\u00e9ra de Paris a ses atouts.<\/p>\n<p>Impact culturel et accessibilit\u00e9<\/p>\n<p>Ce tarif change la donne pour une premi\u00e8re fois. Par cons\u00e9quent, beaucoup osent franchir le pas sans crainte budg\u00e9taire. L\u2019Op\u00e9ra de Paris renforce ainsi sa mission de service public.<\/p>\n<p>Autour des salles, le quartier vit tard, pratique apr\u00e8s spectacle. Aussi, pense aux transports et aux derniers m\u00e9tros. La sortie se prolonge souvent devant le <strong>Palais Garnier<\/strong>. Devant l\u2019Op\u00e9ra de Paris, les photos sont tentantes.<\/p>\n<p>En bref, ces avant-premi\u00e8res offrent un tremplin culturel unique. D\u00e9sormais, la sc\u00e8ne para\u00eet plus proche, plus accueillante. Chacun peut y b\u00e2tir un rituel th\u00e9\u00e2tral \u00e0 son rythme.<\/p>\n","protected":false},"excerpt":{"rendered":"ParisSelect &#8211; Op\u00e9ra de Paris propose des avant-premi\u00e8res \u00e0 10\u20ac pour les moins de 28 ans \u00c0 Paris,&hellip;\n","protected":false},"author":2,"featured_media":472669,"comment_status":"","ping_status":"","sticky":false,"template":"","format":"standard","meta":{"footnotes":""},"categories":[1888],"tags":[11,1777,674,1011,27,12,1342,626,25],"class_list":{"0":"post-472668","1":"post","2":"type-post","3":"status-publish","4":"format-standard","5":"has-post-thumbnail","7":"category-paris","8":"tag-actualites","9":"tag-eu","10":"tag-europe","11":"tag-fr","12":"tag-france","13":"tag-news","14":"tag-opera-de-paris","15":"tag-paris","16":"tag-republique-francaise"},"share_on_mastodon":{"url":"https:\/\/pubeurope.com\/@fr\/115395664509911566","error":""},"_links":{"self":[{"href":"https:\/\/www.europesays.com\/fr\/wp-json\/wp\/v2\/posts\/472668","targetHints":{"allow":["GET"]}}],"collection":[{"href":"https:\/\/www.europesays.com\/fr\/wp-json\/wp\/v2\/posts"}],"about":[{"href":"https:\/\/www.europesays.com\/fr\/wp-json\/wp\/v2\/types\/post"}],"author":[{"embeddable":true,"href":"https:\/\/www.europesays.com\/fr\/wp-json\/wp\/v2\/users\/2"}],"replies":[{"embeddable":true,"href":"https:\/\/www.europesays.com\/fr\/wp-json\/wp\/v2\/comments?post=472668"}],"version-history":[{"count":0,"href":"https:\/\/www.europesays.com\/fr\/wp-json\/wp\/v2\/posts\/472668\/revisions"}],"wp:featuredmedia":[{"embeddable":true,"href":"https:\/\/www.europesays.com\/fr\/wp-json\/wp\/v2\/media\/472669"}],"wp:attachment":[{"href":"https:\/\/www.europesays.com\/fr\/wp-json\/wp\/v2\/media?parent=472668"}],"wp:term":[{"taxonomy":"category","embeddable":true,"href":"https:\/\/www.europesays.com\/fr\/wp-json\/wp\/v2\/categories?post=472668"},{"taxonomy":"post_tag","embeddable":true,"href":"https:\/\/www.europesays.com\/fr\/wp-json\/wp\/v2\/tags?post=472668"}],"curies":[{"name":"wp","href":"https:\/\/api.w.org\/{rel}","templated":true}]}}