{"id":472672,"date":"2025-10-18T14:35:10","date_gmt":"2025-10-18T14:35:10","guid":{"rendered":"https:\/\/www.europesays.com\/fr\/472672\/"},"modified":"2025-10-18T14:35:10","modified_gmt":"2025-10-18T14:35:10","slug":"des-milliers-dukrainiens-prives-delectricite-apres-une-frappe-russe-kiev-promet-un-renforcement-de-la-protection-des-infrastructures-essentielles","status":"publish","type":"post","link":"https:\/\/www.europesays.com\/fr\/472672\/","title":{"rendered":"des milliers d\u2019Ukrainiens priv\u00e9s d\u2019\u00e9lectricit\u00e9 apr\u00e8s une frappe russe\u00a0; Kiev promet un renforcement de la protection des infrastructures essentielles"},"content":{"rendered":"<p>   Le gouvernement ukrainien promet un renforcement de la protection des infrastructures essentielles             <\/p>\n<p class=\"post__live-container--answer-text post__space-node\">La premi\u00e8re ministre ukrainienne, Ioulia Svyrydenko, a promis samedi un renforcement de la protection des infrastructures essentielles, notamment les sites de production d\u2019\u00e9nergie, et une acc\u00e9l\u00e9ration de la remise en \u00e9tat de celles qui ont \u00e9t\u00e9 endommag\u00e9es, \u00e0 l\u2019issue d\u2019une r\u00e9union de crise.<\/p>\n<p class=\"post__live-container--answer-text post__space-node\">\u00ab\u00a0Nous devons agir rapidement pour que les gens aient toujours de la lumi\u00e8re, de la chaleur et de l\u2019eau, malgr\u00e9 les bombardements ennemis\u00a0\u00bb, souligne-t-elle sur <a href=\"https:\/\/t.me\/svyrydenkoy\/735\" target=\"_blank\" rel=\"noopener nofollow\" title=\"Nouvelle fen\u00eatre\">Telegram<\/a>. La cheffe du gouvernement annonce ainsi la cr\u00e9ation d\u2019un\u00a0Centre de coordination pour la protection technique, charg\u00e9 de d\u00e9finir les priorit\u00e9s de financement et de restauration des infrastructures, qui r\u00e9unira des repr\u00e9sentants du gouvernement, des autorit\u00e9s locales et des entreprises du secteur.<\/p>\n<p class=\"post__live-container--answer-text post__space-node\">Une mise \u00e0 jour des d\u00e9penses financ\u00e9es par l\u2019Etat permettra, par ailleurs, d\u2019allouer plus rapidement des fonds publics \u00e0 la construction, la r\u00e9paration et la protection des infrastructures \u00e9nerg\u00e9tiques \u00ab\u00a0afin qu\u2019elles fonctionnent m\u00eame en cas d\u2019attaques\u00a0\u00bb, promet-elle. Le gouvernement a, en outre, adopt\u00e9 une s\u00e9rie de d\u00e9cisions permettant d\u2019acc\u00e9l\u00e9rer la construction de \u00ab\u00a0protections techniques\u00a0\u00bb autour des infrastructures \u00e9nerg\u00e9tiques, de transport et des installations vitales, poursuit Ioulia Svyrydenko, sans pr\u00e9ciser leur nature.<\/p>\n<p class=\"post__live-container--answer-text post__space-node\">Enfin, des sommes suppl\u00e9mentaires issues du fonds de r\u00e9serve ont \u00e9t\u00e9 allou\u00e9es \u00e0 la protection et \u00e0 la restauration des infrastructures critiques dans les r\u00e9gions proches du front, ainsi qu\u2019\u00e0 la compagnie ferroviaire Ukrzaliznytsia.<\/p>\n","protected":false},"excerpt":{"rendered":"Le gouvernement ukrainien promet un renforcement de la protection des infrastructures essentielles La premi\u00e8re ministre ukrainienne, Ioulia Svyrydenko,&hellip;\n","protected":false},"author":2,"featured_media":472673,"comment_status":"","ping_status":"","sticky":false,"template":"","format":"standard","meta":{"footnotes":""},"categories":[1590],"tags":[11,1777,674,12,220],"class_list":{"0":"post-472672","1":"post","2":"type-post","3":"status-publish","4":"format-standard","5":"has-post-thumbnail","7":"category-ukraine","8":"tag-actualites","9":"tag-eu","10":"tag-europe","11":"tag-news","12":"tag-ukraine"},"share_on_mastodon":{"url":"https:\/\/pubeurope.com\/@fr\/115395672417094106","error":""},"_links":{"self":[{"href":"https:\/\/www.europesays.com\/fr\/wp-json\/wp\/v2\/posts\/472672","targetHints":{"allow":["GET"]}}],"collection":[{"href":"https:\/\/www.europesays.com\/fr\/wp-json\/wp\/v2\/posts"}],"about":[{"href":"https:\/\/www.europesays.com\/fr\/wp-json\/wp\/v2\/types\/post"}],"author":[{"embeddable":true,"href":"https:\/\/www.europesays.com\/fr\/wp-json\/wp\/v2\/users\/2"}],"replies":[{"embeddable":true,"href":"https:\/\/www.europesays.com\/fr\/wp-json\/wp\/v2\/comments?post=472672"}],"version-history":[{"count":0,"href":"https:\/\/www.europesays.com\/fr\/wp-json\/wp\/v2\/posts\/472672\/revisions"}],"wp:featuredmedia":[{"embeddable":true,"href":"https:\/\/www.europesays.com\/fr\/wp-json\/wp\/v2\/media\/472673"}],"wp:attachment":[{"href":"https:\/\/www.europesays.com\/fr\/wp-json\/wp\/v2\/media?parent=472672"}],"wp:term":[{"taxonomy":"category","embeddable":true,"href":"https:\/\/www.europesays.com\/fr\/wp-json\/wp\/v2\/categories?post=472672"},{"taxonomy":"post_tag","embeddable":true,"href":"https:\/\/www.europesays.com\/fr\/wp-json\/wp\/v2\/tags?post=472672"}],"curies":[{"name":"wp","href":"https:\/\/api.w.org\/{rel}","templated":true}]}}