{"id":472674,"date":"2025-10-18T14:36:33","date_gmt":"2025-10-18T14:36:33","guid":{"rendered":"https:\/\/www.europesays.com\/fr\/472674\/"},"modified":"2025-10-18T14:36:33","modified_gmt":"2025-10-18T14:36:33","slug":"paramount-skydance-supprimera-2-000-emplois-aux-etats-unis-a-partir-de-la-semaine-du-27-octobre-selon-variety-18-10-2025-a-1536","status":"publish","type":"post","link":"https:\/\/www.europesays.com\/fr\/472674\/","title":{"rendered":"Paramount Skydance supprimera 2 000 emplois aux \u00c9tats-Unis \u00e0 partir de la semaine du 27 octobre, selon Variety &#8211; 18\/10\/2025 \u00e0 15:36"},"content":{"rendered":"<p>\n ((Traduction automatis\u00e9e par Reuters \u00e0 l&rsquo;aide de l&rsquo;apprentissage<br \/>\nautomatique et de l&rsquo;IA g\u00e9n\u00e9rative, veuillez vous r\u00e9f\u00e9rer \u00e0<br \/>\nl&rsquo;avertissement suivant: https:\/\/bit.ly\/rtrsauto))\n<\/p>\n<p>\n (Ajout de d\u00e9tails tir\u00e9s du rapport de Variety dans le<br \/>\nparagraphe 3, et d&rsquo;\u00e9l\u00e9ments de contexte dans les paragraphes 2<br \/>\net 4)\n<\/p>\n<p>\n Paramount Skydance<br \/>\n <a href=\"https:\/\/www.boursorama.com\/cours\/PSKY\/\" rel=\"nofollow noopener\" target=\"_blank\"><br \/>\n  PSKY.O<br \/>\n <\/a><br \/>\n commencera<br \/>\n\u00e0 proc\u00e9der \u00e0 des licenciements massifs la semaine du 27 octobre,<br \/>\nsupprimant environ 2 000 emplois aux \u00c9tats-Unis dans le cadre<br \/>\nd&rsquo;un plan de r\u00e9duction des co\u00fbts de 2 milliards de dollars sous<br \/>\nl&rsquo;\u00e9gide du nouveau directeur g\u00e9n\u00e9ral David Ellison, a rapport\u00e9<br \/>\nVariety samedi.\n<\/p>\n<p>\n Les licenciements font suite \u00e0 la  fusion de 8,4 milliards<br \/>\nde dollars   entre Skydance Media et Paramount Global, qui<br \/>\ns&rsquo;est achev\u00e9e en ao\u00fbt.\n<\/p>\n<p>\n D&rsquo;autres suppressions d&#8217;emplois \u00e0 l&rsquo;\u00e9chelle internationale<br \/>\nsont attendues, et la soci\u00e9t\u00e9 pr\u00e9voit de divulguer tous les<br \/>\nd\u00e9tails dans son rapport sur les r\u00e9sultats du troisi\u00e8me<br \/>\ntrimestre, le 10 novembre, a ajout\u00e9 le rapport.\n<\/p>\n<p>\n Variety a rapport\u00e9 le  22 ao\u00fbt   que Paramount<br \/>\nenvisageait de supprimer entre 2 000 et 3 000 emplois d&rsquo;ici le<br \/>\nd\u00e9but du mois de novembre.\n<\/p>\n<p>\n En d\u00e9cembre 2024, Paramount comptait pr\u00e8s de 18 600<br \/>\nemploy\u00e9s \u00e0 temps plein et \u00e0 temps partiel, et 3 500 personnes<br \/>\ntravaillant sur des projets.\n<\/p>\n<p>\n Paramount Skydance n&rsquo;a pas r\u00e9pondu imm\u00e9diatement \u00e0 une<br \/>\ndemande de commentaire de Reuters. Reuters n&rsquo;a pas pu v\u00e9rifier<br \/>\nimm\u00e9diatement le rapport.<\/p>\n","protected":false},"excerpt":{"rendered":"((Traduction automatis\u00e9e par Reuters \u00e0 l&rsquo;aide de l&rsquo;apprentissage automatique et de l&rsquo;IA g\u00e9n\u00e9rative, veuillez vous r\u00e9f\u00e9rer \u00e0 l&rsquo;avertissement&hellip;\n","protected":false},"author":2,"featured_media":15273,"comment_status":"","ping_status":"","sticky":false,"template":"","format":"standard","meta":{"footnotes":""},"categories":[1589],"tags":[400,11,398,408,405,73,1866,403,402,399,404,12,401,406,1864,1865,1863,308,407],"class_list":{"0":"post-472674","1":"post","2":"type-post","3":"status-publish","4":"format-standard","5":"has-post-thumbnail","7":"category-etats-unis","8":"tag-action-cac-40","9":"tag-actualites","10":"tag-bourse-de-paris","11":"tag-boursorama","12":"tag-cotations","13":"tag-etats-unis","14":"tag-etats-unis-damerique","15":"tag-indices-devises","16":"tag-investir","17":"tag-investissement","18":"tag-marche-boursier","19":"tag-news","20":"tag-sicav","21":"tag-trackers","22":"tag-united-states","23":"tag-united-states-of-america","24":"tag-us","25":"tag-usa","26":"tag-warrants"},"share_on_mastodon":{"url":"https:\/\/pubeurope.com\/@fr\/115395676294077384","error":""},"_links":{"self":[{"href":"https:\/\/www.europesays.com\/fr\/wp-json\/wp\/v2\/posts\/472674","targetHints":{"allow":["GET"]}}],"collection":[{"href":"https:\/\/www.europesays.com\/fr\/wp-json\/wp\/v2\/posts"}],"about":[{"href":"https:\/\/www.europesays.com\/fr\/wp-json\/wp\/v2\/types\/post"}],"author":[{"embeddable":true,"href":"https:\/\/www.europesays.com\/fr\/wp-json\/wp\/v2\/users\/2"}],"replies":[{"embeddable":true,"href":"https:\/\/www.europesays.com\/fr\/wp-json\/wp\/v2\/comments?post=472674"}],"version-history":[{"count":0,"href":"https:\/\/www.europesays.com\/fr\/wp-json\/wp\/v2\/posts\/472674\/revisions"}],"wp:featuredmedia":[{"embeddable":true,"href":"https:\/\/www.europesays.com\/fr\/wp-json\/wp\/v2\/media\/15273"}],"wp:attachment":[{"href":"https:\/\/www.europesays.com\/fr\/wp-json\/wp\/v2\/media?parent=472674"}],"wp:term":[{"taxonomy":"category","embeddable":true,"href":"https:\/\/www.europesays.com\/fr\/wp-json\/wp\/v2\/categories?post=472674"},{"taxonomy":"post_tag","embeddable":true,"href":"https:\/\/www.europesays.com\/fr\/wp-json\/wp\/v2\/tags?post=472674"}],"curies":[{"name":"wp","href":"https:\/\/api.w.org\/{rel}","templated":true}]}}