{"id":472681,"date":"2025-10-18T14:40:30","date_gmt":"2025-10-18T14:40:30","guid":{"rendered":"https:\/\/www.europesays.com\/fr\/472681\/"},"modified":"2025-10-18T14:40:30","modified_gmt":"2025-10-18T14:40:30","slug":"un-cinquieme-des-europeens-menaces-par-la-pauvrete-ou-lexclusion-sociale-en-2024","status":"publish","type":"post","link":"https:\/\/www.europesays.com\/fr\/472681\/","title":{"rendered":"Un cinqui\u00e8me des Europ\u00e9ens menac\u00e9s par la pauvret\u00e9 ou l\u2019exclusion sociale en 2024"},"content":{"rendered":"<p>AA \/ Bruxelles \/ Melike Pala<\/p>\n<p>Plus d\u2019un cinqui\u00e8me de la population de l\u2019Union europ\u00e9enne \u00e9tait expos\u00e9 au risque de pauvret\u00e9 ou d\u2019exclusion sociale en 2024, selon les donn\u00e9es publi\u00e9es vendredi par l\u2019office statistique de l\u2019UE, Eurostat.<\/p>\n<p>Cinq r\u00e9gions ont enregistr\u00e9 des taux plus de deux fois sup\u00e9rieurs \u00e0 la moyenne europ\u00e9enne, la r\u00e9gion fran\u00e7aise d\u2019outre-mer de la Guyane fran\u00e7aise affichant le taux le plus \u00e9lev\u00e9 avec 59,5 %, suivie des r\u00e9gions italiennes m\u00e9ridionales de Calabre et de Campanie (48,8 % et 43,5 % respectivement), ainsi que des villes autonomes espagnoles de Melilla et Ceuta, o\u00f9 plus de quatre personnes sur dix se trouvent dans cette cat\u00e9gorie.<\/p>\n<p>Au total, 25 r\u00e9gions ont vu au moins un tiers de leur population expos\u00e9e au risque de pauvret\u00e9 ou d\u2019exclusion sociale. Ces r\u00e9gions \u00e9taient principalement situ\u00e9es en Gr\u00e8ce, en Bulgarie, en Espagne, en Italie et en Roumanie, ainsi que dans les territoires ultrap\u00e9riph\u00e9riques fran\u00e7ais.<\/p>\n<p>Le groupe comprenait \u00e9galement deux r\u00e9gions urbaines d\u2019Europe occidentale : la r\u00e9gion de Bruxelles-Capitale, en Belgique, et Br\u00eame, en Allemagne.<\/p>\n<p>\u00c0 l\u2019autre extr\u00e9mit\u00e9 de l\u2019\u00e9chelle, 26 r\u00e9gions ont enregistr\u00e9 des taux inf\u00e9rieurs \u00e0 12,5 %. Parmi elles figuraient sept r\u00e9gions du nord et du centre de l\u2019Italie, dont la province autonome de Bolzano, \u00e0 la fronti\u00e8re avec l\u2019Autriche, qui affichait le taux le plus bas de l\u2019UE (6,6 %).<\/p>\n<p>Six des huit r\u00e9gions de la Tch\u00e9quie ont enregistr\u00e9 des taux inf\u00e9rieurs \u00e0 ce seuil, dont Jihoz\u00e1pad, qui affichait le troisi\u00e8me taux le plus bas de l\u2019Union (8,8 %).<\/p>\n<p>Parmi les autres r\u00e9gions pr\u00e9sentant des taux relativement faibles figuraient trois r\u00e9gions du nord de la Belgique (Vlaams Gewest), trois en Autriche, deux en Pologne, la r\u00e9gion du nord-ouest de la Hongrie, K\u00f6z\u00e9p-Dun\u00e1nt\u00fal, ainsi que les r\u00e9gions capitales de Croatie, de Roumanie, de Slov\u00e9nie et de Slovaquie.<\/p>\n<p>*Traduit de l&rsquo;anglais par Wafae El Baghouani <\/p>\n<p>                            &#13;<br \/>\n                                <a href=\"https:\/\/www.aa.com.tr\/fr\/p\/abonnement\/1001\" target=\"_blank\" style=\"font-size:12px; color:#444; text-decoration:none;\" rel=\"nofollow noopener\">&#13;<br \/>\n                                    Seulement une partie des d\u00e9p\u00eaches, que l&rsquo;Agence Anadolu diffuse \u00e0 ses abonn\u00e9s via le Syst\u00e8me de Diffusion interne (HAS), est diffus\u00e9e sur le site de l&rsquo;AA, de mani\u00e8re r\u00e9sum\u00e9e. <b style=\"color:#1897F7\">Contactez-nous s&rsquo;il vous pla\u00eet pour vous abonner.<\/b>&#13;<br \/>\n                                <\/a>&#13;<\/p>\n","protected":false},"excerpt":{"rendered":"AA \/ Bruxelles \/ Melike Pala Plus d\u2019un cinqui\u00e8me de la population de l\u2019Union europ\u00e9enne \u00e9tait expos\u00e9 au&hellip;\n","protected":false},"author":2,"featured_media":472682,"comment_status":"","ping_status":"","sticky":false,"template":"","format":"standard","meta":{"footnotes":""},"categories":[1586],"tags":[11,1785,1777,674,1779,16035,1011,27,12,25,1778,364],"class_list":{"0":"post-472681","1":"post","2":"type-post","3":"status-publish","4":"format-standard","5":"has-post-thumbnail","7":"category-europe","8":"tag-actualites","9":"tag-anadolu-ajansi","10":"tag-eu","11":"tag-europe","12":"tag-european-union","13":"tag-eurostat","14":"tag-fr","15":"tag-france","16":"tag-news","17":"tag-republique-francaise","18":"tag-ue","19":"tag-union-europeenne"},"share_on_mastodon":{"url":"https:\/\/pubeurope.com\/@fr\/115395692047722045","error":""},"_links":{"self":[{"href":"https:\/\/www.europesays.com\/fr\/wp-json\/wp\/v2\/posts\/472681","targetHints":{"allow":["GET"]}}],"collection":[{"href":"https:\/\/www.europesays.com\/fr\/wp-json\/wp\/v2\/posts"}],"about":[{"href":"https:\/\/www.europesays.com\/fr\/wp-json\/wp\/v2\/types\/post"}],"author":[{"embeddable":true,"href":"https:\/\/www.europesays.com\/fr\/wp-json\/wp\/v2\/users\/2"}],"replies":[{"embeddable":true,"href":"https:\/\/www.europesays.com\/fr\/wp-json\/wp\/v2\/comments?post=472681"}],"version-history":[{"count":0,"href":"https:\/\/www.europesays.com\/fr\/wp-json\/wp\/v2\/posts\/472681\/revisions"}],"wp:featuredmedia":[{"embeddable":true,"href":"https:\/\/www.europesays.com\/fr\/wp-json\/wp\/v2\/media\/472682"}],"wp:attachment":[{"href":"https:\/\/www.europesays.com\/fr\/wp-json\/wp\/v2\/media?parent=472681"}],"wp:term":[{"taxonomy":"category","embeddable":true,"href":"https:\/\/www.europesays.com\/fr\/wp-json\/wp\/v2\/categories?post=472681"},{"taxonomy":"post_tag","embeddable":true,"href":"https:\/\/www.europesays.com\/fr\/wp-json\/wp\/v2\/tags?post=472681"}],"curies":[{"name":"wp","href":"https:\/\/api.w.org\/{rel}","templated":true}]}}