{"id":47269,"date":"2025-04-23T18:48:17","date_gmt":"2025-04-23T18:48:17","guid":{"rendered":"https:\/\/www.europesays.com\/fr\/47269\/"},"modified":"2025-04-23T18:48:17","modified_gmt":"2025-04-23T18:48:17","slug":"le-meilleur-joueur-parisien-est-elu","status":"publish","type":"post","link":"https:\/\/www.europesays.com\/fr\/47269\/","title":{"rendered":"Le meilleur joueur parisien est \u00e9lu"},"content":{"rendered":"<p><strong>Mardi au <b>Stade de la Beaujoire<\/b>, le Paris Saint-Germain a conc\u00e9d\u00e9 le nul en match en retard de la 29e journ\u00e9e de Ligue 1 2024-2025 face \u00e0 Nantes sur le score de 1-1 (<a href=\"https:\/\/www.parisfans.fr\/videos-psg\/resume-video-nantes-psg-1-1-un-nul-et-un-record-788671.html\" target=\"_blank\" rel=\"noopener\">r\u00e9sum\u00e9 vid\u00e9o Nantes\/PSG<\/a>). Nous avons ensuite demand\u00e9 \u00e0 nos lecteurs, comme apr\u00e8s chaque match dor\u00e9navant, de voter pour le meilleur parisien de la rencontre. Vitinha (milieu de 25 ans), s\u2019est impos\u00e9.<\/strong><\/p>\n<p><img loading=\"lazy\" decoding=\"async\" class=\"aligncenter size-full wp-image-843187 lazyload\" alt=\"\" width=\"535\" height=\"383\" data-eio=\"p\" src=\"https:\/\/www.europesays.com\/fr\/wp-content\/uploads\/2025\/04\/elu-4.png\"  data- data-eio-rwidth=\"535\" data-eio-rheight=\"383\"\/><\/p>\n<p>Une victoire qui semble plut\u00f4t m\u00e9rit\u00e9e, avec encore une belle pr\u00e9sence dans le jeu et bien s\u00fbr un joli but inscrit. Mais on a aussi vu Vitinha \u00eatre beaucoup critiqu\u00e9 sur les r\u00e9seaux sociaux, alors il y a un peu de surprise.<\/p>\n<p>Il manquait surtout des candidats s\u00fbrs pour prendre les devants dans ce PSG un peu mitig\u00e9. On voit d\u2019ailleurs que c\u2019est assez serr\u00e9 et d\u2019autant plus pour compl\u00e9ter le podium.<\/p>\n<p><strong>Nous vous remercions pour vos votes, qui seront dor\u00e9navant organis\u00e9s apr\u00e8s chaque match officiel. Nous soulignons aussi que les podiums des \u00e9lections des joueurs du match serviront pour l\u2019\u00e9lection du joueur du mois.<\/strong><\/p>\n<p>\u00a0<\/p>\n<p>\t\t\t\t\t\t\t\t\t\t\t\t\t\t\t\t\t\t\t\t\t\t\t<img loading=\"lazy\" src=\"https:\/\/www.europesays.com\/fr\/wp-content\/uploads\/2025\/04\/ParisFans_Logo.png\" decoding=\"async\" class=\"lazyload\" width=\"240\" height=\"54\" data-eio-rwidth=\"240\" data-eio-rheight=\"54\"\/><\/p>\n","protected":false},"excerpt":{"rendered":"Mardi au Stade de la Beaujoire, le Paris Saint-Germain a conc\u00e9d\u00e9 le nul en match en retard de&hellip;\n","protected":false},"author":2,"featured_media":47270,"comment_status":"","ping_status":"","sticky":false,"template":"","format":"standard","meta":{"footnotes":""},"categories":[2818],"tags":[1111,11,1777,674,1011,27,66,13731,766,12800,12,2636,25,9003,96,5995],"class_list":{"0":"post-47269","1":"post","2":"type-post","3":"status-publish","4":"format-standard","5":"has-post-thumbnail","7":"category-nantes","8":"tag-actu","9":"tag-actualites","10":"tag-eu","11":"tag-europe","12":"tag-fr","13":"tag-france","14":"tag-ligue-1","15":"tag-meilleur-joueur","16":"tag-nantes","17":"tag-nantes-psg","18":"tag-news","19":"tag-pays-de-la-loire","20":"tag-republique-francaise","21":"tag-saison-2024-2025","22":"tag-une","23":"tag-vote"},"share_on_mastodon":{"url":"https:\/\/pubeurope.com\/@fr\/114388776019102175","error":""},"_links":{"self":[{"href":"https:\/\/www.europesays.com\/fr\/wp-json\/wp\/v2\/posts\/47269","targetHints":{"allow":["GET"]}}],"collection":[{"href":"https:\/\/www.europesays.com\/fr\/wp-json\/wp\/v2\/posts"}],"about":[{"href":"https:\/\/www.europesays.com\/fr\/wp-json\/wp\/v2\/types\/post"}],"author":[{"embeddable":true,"href":"https:\/\/www.europesays.com\/fr\/wp-json\/wp\/v2\/users\/2"}],"replies":[{"embeddable":true,"href":"https:\/\/www.europesays.com\/fr\/wp-json\/wp\/v2\/comments?post=47269"}],"version-history":[{"count":0,"href":"https:\/\/www.europesays.com\/fr\/wp-json\/wp\/v2\/posts\/47269\/revisions"}],"wp:featuredmedia":[{"embeddable":true,"href":"https:\/\/www.europesays.com\/fr\/wp-json\/wp\/v2\/media\/47270"}],"wp:attachment":[{"href":"https:\/\/www.europesays.com\/fr\/wp-json\/wp\/v2\/media?parent=47269"}],"wp:term":[{"taxonomy":"category","embeddable":true,"href":"https:\/\/www.europesays.com\/fr\/wp-json\/wp\/v2\/categories?post=47269"},{"taxonomy":"post_tag","embeddable":true,"href":"https:\/\/www.europesays.com\/fr\/wp-json\/wp\/v2\/tags?post=47269"}],"curies":[{"name":"wp","href":"https:\/\/api.w.org\/{rel}","templated":true}]}}