{"id":472690,"date":"2025-10-18T14:46:14","date_gmt":"2025-10-18T14:46:14","guid":{"rendered":"https:\/\/www.europesays.com\/fr\/472690\/"},"modified":"2025-10-18T14:46:14","modified_gmt":"2025-10-18T14:46:14","slug":"rugby-pro-d2-fcg-jose-madeira-et-les-centres-en-sauve-qui-peut-bastien-soury-et-marc-palmier-fautifs-les-tops-et-les-flops-de-la-defaite-a-mont-de-marsan-le-dauphine-libere","status":"publish","type":"post","link":"https:\/\/www.europesays.com\/fr\/472690\/","title":{"rendered":"Rugby &#8211; Pro D2. FCG : Jos\u00e9 Madeira et les centres en sauve-qui-peut, Bastien Soury et Marc Palmier fautifs&#8230; Les tops et les flops de la d\u00e9faite \u00e0 Mont-de-Marsan &#8211; Le Dauphin\u00e9 Lib\u00e9r\u00e9"},"content":{"rendered":"<ol>\n<li><a href=\"https:\/\/news.google.com\/rss\/articles\/CBMi6AFBVV95cUxPTFJOdE1kYUR6UkFteGRLVXVCdlY1ZEFEdTBadGc0X2FEYTRRX0JZRTRVQ0doS2Naei1zd1JBaENjcG9XOUlrczYyUzlrdnRKZHRtR3lMcWR3MGNiVTN3dWpjaHh0YXhhU2docHFhSWlwNEZiV3BORnRnSkpZY0RUUnZUMGRxek5MMG1FUnlhX0d1aUJWdUZybGY3NkN0bWMwVzFEbHZSSjM0c0YyOWNJQWNPY0ZTT2ZaY2pRZjRoV1pHZEM2LWx5QjhCYktyQzJUeExvanlzZUhjd2VfVUVaVmpkSVJZSG5K?oc=5\" target=\"_blank\" rel=\"noopener\">Rugby &#8211; Pro D2. FCG : Jos\u00e9 Madeira et les centres en sauve-qui-peut, Bastien Soury et Marc Palmier fautifs&#8230; Les tops et les flops de la d\u00e9faite \u00e0 Mont-de-Marsan<\/a>&nbsp;&nbsp;Le Dauphin\u00e9 Lib\u00e9r\u00e9<\/li>\n<li><a href=\"https:\/\/news.google.com\/rss\/articles\/CBMi6wFBVV95cUxQSURlQjJLS0hWZlB5M1FTQWktM3h0U0hHNkxwenFTMWZDRDdtSWhaSF93SlZJbUVBdkRSZHQ3TWNULWlTZzhoWmJ0MXRMcUU2VlpEaHYyeTg2TDA0ZHRQM1pDd1FkcFBqQnVUdmFvTnB1NG9PTFluNElKQUYwQlJXR2VVYUVzeFhZdXZobXpKaU5hOGJpd2g2ek9VdDZENFgtZ3NyZjREMDNMS0VISnVBNjZVT2NENlB1Vl95X1lWUE5BT3BQQU16eEo4dFhYNTlJUkRrb3BJcUlydWg4NXQ5SGlNQjd5bHNLZUY0?oc=5\" target=\"_blank\" rel=\"noopener\">Stade Montois : face aux Grenoblois de Jeff Dubois, les jaune et noir ont (encore) relev\u00e9 la t\u00eate<\/a>&nbsp;&nbsp;Sud Ouest<\/li>\n<li><a href=\"https:\/\/news.google.com\/rss\/articles\/CBMi-wFBVV95cUxNTDVzdTZuQXp1eGd0NTVsLXA2SHFWd3RBak9DeXdLX3kwTk5NeXZpSnlpTEVwWlp5SGtud2ZfMFdKallySUJ3bEpxaXVMREdnRWJFbk53QWJjY2QydmN0MEt1QmJzdV9RMWkzUGhMRTFlcEhRUXNKNTlDRklOZmNqSXlFLTBhN0pGVkIxMWRyakFNY1dyVmdwWEVkXzVaSVNFcGpqNF9aZzJzdFFZWXF5M2x3c0o0SFdUWGJlSDl0ZUtBMTBMZXVnWW5RLTdxU1Fsc2FfeW5UdmhBX1pIaXZ5c0hQc3ZQdnp6UHFwbGtZQ3RiY0NuMi1HZnNHSQ?oc=5\" target=\"_blank\" rel=\"noopener\">Stade Montois. Romain Mareuil apr\u00e8s la victoire contre Grenoble : \u00ab Encha\u00eener les prestations, c\u2019est essentiel \u00bb<\/a>&nbsp;&nbsp;Sud Ouest<\/li>\n<li><a href=\"https:\/\/news.google.com\/rss\/articles\/CBMixwFBVV95cUxOd0Q1cVRsOGtKRjRFUlhIRGQzMWprcEtIOE9GekJNbEc2ZmFSRUpHSVNuT2kxZFhpUFlHRDlnbEM0V0dzMUV4MURDclpFbFVsb2taT0dRN0FWdU93WUJadjBDa2FlNjBmX3kySjgybTgwcnkwNVFjVjNvQjBqXzVKVVhoR2Z2R0x5R2VJaHdhVDBPWGZiR3J3d3c0SzNhOTJ0eVdKU1ZjeU9GRHllLTlhb29CR2NMeEVVNWx6RS0tanRuRDFNTUp3?oc=5\" target=\"_blank\" rel=\"noopener\">\u00ab Pour l&rsquo;\u00e9tat d&rsquo;esprit, on n&rsquo;a pas besoin d&rsquo;un coach \u00bb : une p\u00e2le copie et une d\u00e9faite logique, le FCG se rate \u00e0 Mont-de-Marsan pour la premi\u00e8re de Jeff Dubois<\/a>&nbsp;&nbsp;Le Dauphin\u00e9 Lib\u00e9r\u00e9<\/li>\n<li><a href=\"https:\/\/news.google.com\/rss\/articles\/CBMizwFBVV95cUxOeWMwNk0tcWFjQWRHTVVqMUkyQXFQZzlLdkJOVGdhYzdpbDR5YmNZMDViY1JaMjdmMzh4Tk9NdFp1QlM2RjNKc0JxYVV4SVBIZUlmTF9ZT21TTTRrN0cxQ3hvVHg3VW1HdHF2ZlQ0bzRiODk5NkxIdXRhLWFlZmlfY0t6eWQ2blJlWUhpa3B1eWRsTWRWejhHSkNGclVfLTE3MXF5MklvT2kxcmp5X3l5bXVsemZoRmV1TmNjTTNTd3dZWVhpNUhkMEh3WVNtQUE?oc=5\" target=\"_blank\" rel=\"noopener\">Pro D2 \u2013 Le Stade Montois lance sa saison contre un FC Grenoble qui se cherche toujours<\/a>&nbsp;&nbsp;Rugbyrama<\/li>\n<\/ol>\n","protected":false},"excerpt":{"rendered":"Rugby &#8211; Pro D2. FCG : Jos\u00e9 Madeira et les centres en sauve-qui-peut, Bastien Soury et Marc Palmier&hellip;\n","protected":false},"author":2,"featured_media":472691,"comment_status":"","ping_status":"","sticky":false,"template":"","format":"standard","meta":{"footnotes":""},"categories":[1416],"tags":[112,113,114,2727,1701,1011,27,2731,2732,108,2308,479,1468,517,1947,60],"class_list":{"0":"post-472690","1":"post","2":"type-post","3":"status-publish","4":"format-standard","5":"has-post-thumbnail","7":"category-rugby","8":"tag-edition-grenoble-agglomeration","9":"tag-edition-gresivaudan-oisans","10":"tag-edition-voiron-saint-marcellin","11":"tag-fcg-fc-grenoble-rugby","12":"tag-fil-info-sport","13":"tag-fr","14":"tag-france","15":"tag-grenoble","16":"tag-grenoble-bassin","17":"tag-isere","18":"tag-pro-d2","19":"tag-rugby","20":"tag-rugby-football","21":"tag-sport","22":"tag-sport-national","23":"tag-sports"},"share_on_mastodon":{"url":"https:\/\/pubeurope.com\/@fr\/115395715689967604","error":""},"_links":{"self":[{"href":"https:\/\/www.europesays.com\/fr\/wp-json\/wp\/v2\/posts\/472690","targetHints":{"allow":["GET"]}}],"collection":[{"href":"https:\/\/www.europesays.com\/fr\/wp-json\/wp\/v2\/posts"}],"about":[{"href":"https:\/\/www.europesays.com\/fr\/wp-json\/wp\/v2\/types\/post"}],"author":[{"embeddable":true,"href":"https:\/\/www.europesays.com\/fr\/wp-json\/wp\/v2\/users\/2"}],"replies":[{"embeddable":true,"href":"https:\/\/www.europesays.com\/fr\/wp-json\/wp\/v2\/comments?post=472690"}],"version-history":[{"count":0,"href":"https:\/\/www.europesays.com\/fr\/wp-json\/wp\/v2\/posts\/472690\/revisions"}],"wp:featuredmedia":[{"embeddable":true,"href":"https:\/\/www.europesays.com\/fr\/wp-json\/wp\/v2\/media\/472691"}],"wp:attachment":[{"href":"https:\/\/www.europesays.com\/fr\/wp-json\/wp\/v2\/media?parent=472690"}],"wp:term":[{"taxonomy":"category","embeddable":true,"href":"https:\/\/www.europesays.com\/fr\/wp-json\/wp\/v2\/categories?post=472690"},{"taxonomy":"post_tag","embeddable":true,"href":"https:\/\/www.europesays.com\/fr\/wp-json\/wp\/v2\/tags?post=472690"}],"curies":[{"name":"wp","href":"https:\/\/api.w.org\/{rel}","templated":true}]}}