{"id":472692,"date":"2025-10-18T14:47:11","date_gmt":"2025-10-18T14:47:11","guid":{"rendered":"https:\/\/www.europesays.com\/fr\/472692\/"},"modified":"2025-10-18T14:47:11","modified_gmt":"2025-10-18T14:47:11","slug":"raphael-collignon-felix-auger-aliassime-atp-250-bruxelles-demi-finales-samedi-18-octobre-2025-lequipe","status":"publish","type":"post","link":"https:\/\/www.europesays.com\/fr\/472692\/","title":{"rendered":"Rapha\u00ebl Collignon &#8211; F\u00e9lix Auger-Aliassime, ATP 250, Bruxelles, Demi-finales, Samedi 18 octobre 2025 &#8211; L&#039;\u00c9quipe"},"content":{"rendered":"<ol>\n<li><a href=\"https:\/\/news.google.com\/rss\/articles\/CBMi1wFBVV95cUxQMTVaNVA3N3REc0ltMmM5a0hVYW51eWVjQzk4a0ttWTVlYVZZeDR1S2Z5SE9DN3JIYmRWS3BGZFkxanpmTUM4bzJpWkN4enZrZ1pyTE5oaGFUWi1ET3Q0bzNkU2gtQ0pWVGpaRHBveUlFdTQ1MzRnMDhmbTdiUzZTeEtLOE40OF9laHozaG9Id0F5SXZlM2xKWV9HdmVLOWFoYkJqUXlNSE90XzhSMDNUak95SkpiYlhKZHdWSGtYanRveS16cncyTzVJTVdkaEcxb19iQkN3UQ?oc=5\" target=\"_blank\" rel=\"nofollow noopener\">Rapha\u00ebl Collignon &#8211; F\u00e9lix Auger-Aliassime, ATP 250, Bruxelles, Demi-finales, Samedi 18 octobre 2025<\/a>&nbsp;&nbsp;L&rsquo;\u00c9quipe<\/li>\n<li><a href=\"https:\/\/news.google.com\/rss\/articles\/CBMirAFBVV95cUxQTlA3Wk5pd19iRFo0WHNLeC1Ua2tZQmNGQXNveFVEdkpidGJlUmctZ2djNGJQdDZlWUE4a3U3dlRCeEZwdDNvMFlSUE9BRm4tVzEteDUzcTVrNUQ4QXpxOGVBemxkQUVkUFR4aG45NVE4TVJJME9JakE4V1dYb28xQW1PZ25kTjdUV1JwdzhBRkJ0OHpfbmxITGxONl80Q3lEdUxhT0RfU2R4MWl4?oc=5\" target=\"_blank\" rel=\"nofollow noopener\">Tennis : le Belge Collignon rejoint les demi-finales \u00e0 domicile<\/a>&nbsp;&nbsp;Le Figaro<\/li>\n<li><a href=\"https:\/\/news.google.com\/rss\/articles\/CBMisAFBVV95cUxQVDAtcTlVcDNQVmtOcHM3aGFuMnJnWFkwbUFMX0REbkYyZVhuYUluQk1mWkM0YndLRUEtTkRqNVJyRXJlSVc1bFU3aWF1eW9jZDZpNkZWU0x0RUpVUmQ3MVo0YUoxTkZhNEhNM05iNnpGdk5fQ1R0ZFJmZzJYc0k3XzRsd2ZrQTdQemNNVHd0MkZ4YVVDZHBtMzRKM0VxT1dNeVE2c0FhWjRvT1hZcjNtNg?oc=5\" target=\"_blank\" rel=\"nofollow noopener\">Rapha\u00ebl Collignon poursuit son r\u00eave bruxellois en domptant le 20e mondial<\/a>&nbsp;&nbsp;7sur7.be<\/li>\n<li><a href=\"https:\/\/news.google.com\/rss\/articles\/CBMinAJBVV95cUxNYkJvekhncUhkZHhxXzA2YXo5OGNoRVFCRDBGV0ZwOWJIcjNyd2trZktqbm5zTlFmVkxSdEx0WkhISEt4STdoT1RmY1dYYmJqN2s1TS14eUt0R0lVbE9TMHJQSENtMTd4TVhfbDVKc0o4dE13ZUFEN0pnRHZjUml5aXJlSWJLajBqNFNRVTlyRTU1ck1wTnJiVUFhRDVLYmd3Rk4zbnNSNWV0bjFreUJBSVFJZVVFOGc0SnItRVpmU0htbnpSUGpMcEhDdU0zd080Q3JINll0S210XzdobGxnZHBkeVF5bGVDOU1GZzVhczdfZGlyMjFQSWFQTFNOWFFHS2NwWUo3dmZqS3k4S2g1eWpUMHJLczdTTU5RcQ?oc=5\" target=\"_blank\" rel=\"nofollow noopener\">Rapha\u00ebl Collignon vit \u00ab\u00a0un r\u00eave\u00a0\u00bb \u00e0 l&rsquo;European Open: le Belge \u00e9limine Davidovich Fokina et s&rsquo;offre sa premi\u00e8re demi-finale en ATP<\/a>&nbsp;&nbsp;DHnet<\/li>\n<li><a href=\"https:\/\/news.google.com\/rss\/articles\/CBMivgFBVV95cUxPNlBUOVRteFZOMUNtZ0xwRDNpRGtRY0N1M2ZLLTF5dVhUTWFPenlhQU83YVQ5VUlDNUFHcnBnSmFhSHAyR2Nza0xfMmtMQlMxcU9ObzJVRW9Cc1A5M0hxcHc1S3ptSmZyd1JMd2tpNGw3ZGxzMElnV0VPaTBFMkw5WFpZcVgxNlVYS3pDTUZxY0N4c1R2WW5rRHEyX1VXV25pZTVlTmV0VVFVbkJwdzdpTWNHUkFCTE9wd3pva29B?oc=5\" target=\"_blank\" rel=\"nofollow noopener\">European Open &#8211; Steve Darcis : \u00ab\u00a0Ce que r\u00e9ussit Rapha\u00ebl Collignon cette semaine est g\u00e9nial\u00a0\u00bb<\/a>&nbsp;&nbsp;RTBF<\/li>\n<\/ol>\n","protected":false},"excerpt":{"rendered":"Rapha\u00ebl Collignon &#8211; F\u00e9lix Auger-Aliassime, ATP 250, Bruxelles, Demi-finales, Samedi 18 octobre 2025&nbsp;&nbsp;L&rsquo;\u00c9quipe Tennis : le Belge Collignon&hellip;\n","protected":false},"author":2,"featured_media":1983,"comment_status":"","ping_status":"","sticky":false,"template":"","format":"standard","meta":{"footnotes":""},"categories":[1415],"tags":[1011,27,60,1467],"class_list":{"0":"post-472692","1":"post","2":"type-post","3":"status-publish","4":"format-standard","5":"has-post-thumbnail","7":"category-tennis","8":"tag-fr","9":"tag-france","10":"tag-sports","11":"tag-tennis"},"share_on_mastodon":{"url":"https:\/\/pubeurope.com\/@fr\/115395719481949470","error":""},"_links":{"self":[{"href":"https:\/\/www.europesays.com\/fr\/wp-json\/wp\/v2\/posts\/472692","targetHints":{"allow":["GET"]}}],"collection":[{"href":"https:\/\/www.europesays.com\/fr\/wp-json\/wp\/v2\/posts"}],"about":[{"href":"https:\/\/www.europesays.com\/fr\/wp-json\/wp\/v2\/types\/post"}],"author":[{"embeddable":true,"href":"https:\/\/www.europesays.com\/fr\/wp-json\/wp\/v2\/users\/2"}],"replies":[{"embeddable":true,"href":"https:\/\/www.europesays.com\/fr\/wp-json\/wp\/v2\/comments?post=472692"}],"version-history":[{"count":0,"href":"https:\/\/www.europesays.com\/fr\/wp-json\/wp\/v2\/posts\/472692\/revisions"}],"wp:featuredmedia":[{"embeddable":true,"href":"https:\/\/www.europesays.com\/fr\/wp-json\/wp\/v2\/media\/1983"}],"wp:attachment":[{"href":"https:\/\/www.europesays.com\/fr\/wp-json\/wp\/v2\/media?parent=472692"}],"wp:term":[{"taxonomy":"category","embeddable":true,"href":"https:\/\/www.europesays.com\/fr\/wp-json\/wp\/v2\/categories?post=472692"},{"taxonomy":"post_tag","embeddable":true,"href":"https:\/\/www.europesays.com\/fr\/wp-json\/wp\/v2\/tags?post=472692"}],"curies":[{"name":"wp","href":"https:\/\/api.w.org\/{rel}","templated":true}]}}