{"id":472693,"date":"2025-10-18T14:49:12","date_gmt":"2025-10-18T14:49:12","guid":{"rendered":"https:\/\/www.europesays.com\/fr\/472693\/"},"modified":"2025-10-18T14:49:12","modified_gmt":"2025-10-18T14:49:12","slug":"vers-un-depart-fracassant-de-quartararo-un-ancien-pilote-francais-de-motogp-balance","status":"publish","type":"post","link":"https:\/\/www.europesays.com\/fr\/472693\/","title":{"rendered":"vers un d\u00e9part fracassant de Quartararo ? Un ancien pilote fran\u00e7ais de MotoGP balance"},"content":{"rendered":"<p>Vers un d\u00e9part de Fabio Quartararo de chez Yamaha ? Alors que le pilote tricolore veut revenir sur le devant de la sc\u00e8ne en 2026 avec sa M1, il met la pression \u00e0 son \u00e9curie pour obtenir la meilleure machine possible. Et il a bien fait comprendre que si la saison prochaine ne se passe pas bien, alors il prendra les dispositions n\u00e9cessaires pour renouer avec le succ\u00e8s en 2027. Et de ce fait, un d\u00e9part pourrait \u00eatre envisag\u00e9. Louis Rossi, ancien pilote fran\u00e7ais de MotoGP qui est aujourd&rsquo;hui consultant pour Canal+, a pris la parole \u00e0 ce sujet dans un entretien pour <a href=\"https:\/\/www.ouest-france.fr\/sport\/moto\/motogp\/entretien-zarco-et-quartararo-ne-font-pas-une-saison-decevante-en-motogp-estime-louis-rossi-851469ce-aa8c-11f0-bf9e-dc0be67a8d9b\" rel=\"nofollow noopener\" target=\"_blank\">Ouest-France<\/a> et il a balanc\u00e9 avec un constat personnel fort.<\/p>\n<p>Rossi ouvert \u00e0 un d\u00e9part de Quartararo<\/p>\n<p>\u00ab\u00a0Avant, j\u2019ai toujours dit oui : il a eu raison de rester. Aujourd\u2019hui, peut-\u00eatre que \u00e7a m\u00e9rite r\u00e9flexion si la moto n\u2019est pas au niveau. Il a encore un an de contrat pour l\u2019an prochain, apr\u00e8s il va falloir prendre une d\u00e9cision. Or, un pilote dure toujours moins longtemps qu\u2019une marque donc, \u00e0 un moment donn\u00e9, s\u2019il voit que les choses n\u2019arrivent pas, peut-\u00eatre qu\u2019il faudra r\u00e9fl\u00e9chir diff\u00e9remment\u00a0\u00bb, a d\u00e9clar\u00e9 l&rsquo;ancien pilote fran\u00e7ais de MotoGP, qui laisse donc une porte ouverte d\u00e9sormais \u00e0 un d\u00e9part de Quatararo de chez Yamaha en 2027&#8230;<\/p>\n<p>    Partagez cette info avec vos amis et vos proches en cliquant ici  <\/p>\n<p> Podcasts \u00e0 la une MEN LIFE <\/p>\n<p>    Pour r\u00e9sumer<\/p>\n<p>Vers un d\u00e9part de Fabio Quartararo de chez Yamaha ? Alors que le pilote tricolore veut revenir sur le devant de la sc\u00e8ne en 2026 avec sa M1, il met la pression \u00e0 son \u00e9curie pour obtenir la meilleure machine possible.<\/p>\n<p>R\u00e9dacteur<\/p>\n<p><img decoding=\"async\" width=\"76\" height=\"76\" loading=\"lazy\" src=\"https:\/\/www.europesays.com\/fr\/wp-content\/uploads\/2025\/04\/logo-victor-willems.jpg\" alt=\"Victor Willems\"\/><\/p>\n","protected":false},"excerpt":{"rendered":"Vers un d\u00e9part de Fabio Quartararo de chez Yamaha ? Alors que le pilote tricolore veut revenir sur&hellip;\n","protected":false},"author":2,"featured_media":472694,"comment_status":"","ping_status":"","sticky":false,"template":"","format":"standard","meta":{"footnotes":""},"categories":[1413],"tags":[1011,27,1457,6033,1456,60],"class_list":{"0":"post-472693","1":"post","2":"type-post","3":"status-publish","4":"format-standard","5":"has-post-thumbnail","7":"category-moto","8":"tag-fr","9":"tag-france","10":"tag-moto","11":"tag-moto-gp","12":"tag-motocycle","13":"tag-sports"},"share_on_mastodon":{"url":"https:\/\/pubeurope.com\/@fr\/115395728136795184","error":""},"_links":{"self":[{"href":"https:\/\/www.europesays.com\/fr\/wp-json\/wp\/v2\/posts\/472693","targetHints":{"allow":["GET"]}}],"collection":[{"href":"https:\/\/www.europesays.com\/fr\/wp-json\/wp\/v2\/posts"}],"about":[{"href":"https:\/\/www.europesays.com\/fr\/wp-json\/wp\/v2\/types\/post"}],"author":[{"embeddable":true,"href":"https:\/\/www.europesays.com\/fr\/wp-json\/wp\/v2\/users\/2"}],"replies":[{"embeddable":true,"href":"https:\/\/www.europesays.com\/fr\/wp-json\/wp\/v2\/comments?post=472693"}],"version-history":[{"count":0,"href":"https:\/\/www.europesays.com\/fr\/wp-json\/wp\/v2\/posts\/472693\/revisions"}],"wp:featuredmedia":[{"embeddable":true,"href":"https:\/\/www.europesays.com\/fr\/wp-json\/wp\/v2\/media\/472694"}],"wp:attachment":[{"href":"https:\/\/www.europesays.com\/fr\/wp-json\/wp\/v2\/media?parent=472693"}],"wp:term":[{"taxonomy":"category","embeddable":true,"href":"https:\/\/www.europesays.com\/fr\/wp-json\/wp\/v2\/categories?post=472693"},{"taxonomy":"post_tag","embeddable":true,"href":"https:\/\/www.europesays.com\/fr\/wp-json\/wp\/v2\/tags?post=472693"}],"curies":[{"name":"wp","href":"https:\/\/api.w.org\/{rel}","templated":true}]}}