{"id":472695,"date":"2025-10-18T14:50:14","date_gmt":"2025-10-18T14:50:14","guid":{"rendered":"https:\/\/www.europesays.com\/fr\/472695\/"},"modified":"2025-10-18T14:50:14","modified_gmt":"2025-10-18T14:50:14","slug":"red-bull-doit-des-excuses-a-tsunoda-reconnait-mekies","status":"publish","type":"post","link":"https:\/\/www.europesays.com\/fr\/472695\/","title":{"rendered":"Red Bull \u00ab\u00a0doit des excuses\u00a0\u00bb \u00e0 Tsunoda, reconna\u00eet Mekies"},"content":{"rendered":"<p>Le directeur de l&rsquo;\u00e9curie <a href=\"https:\/\/fr.motorsport.com\/team\/red-bull\/553\/\" target=\"_blank\" rel=\"noopener\">Red Bull Racing<\/a>, Laurent Mekies, a admis la responsabilit\u00e9 de son \u00e9quipe apr\u00e8s l&rsquo;\u00e9limination de <a href=\"https:\/\/fr.motorsport.com\/driver\/yuki-tsunoda\/828578\/\" target=\"_blank\" rel=\"noopener\">Yuki Tsunoda<\/a> lors de la premi\u00e8re partie des qualifications sprint du Grand Prix des \u00c9tats-Unis 2025 de F1.<\/p>\n<p>S&rsquo;adressant \u00e0 Sky Sports F1, le Fran\u00e7ais a en effet reconnu que le choix tactique de la structure autrichienne n&rsquo;avait pas laiss\u00e9 le temps au pilote japonais d&rsquo;effectuer un deuxi\u00e8me tour rapide. \u00ab\u00a0Oui, honn\u00eatement, nous avons commis une erreur\u00a0\u00bb, a-t-il d\u00e9clar\u00e9. \u00ab\u00a0Nous pr\u00e9sentons nos excuses \u00e0 Yuki. Le programme \u00e9tait un peu trop serr\u00e9.\u00a0\u00bb<\/p>\n<p>\u00ab\u00a0Il fallait choisir entre rester en piste et refroidir [la voiture et les pneus] ou essayer de la refroidir un peu mieux dans le garage, ce que nous pensions avoir le temps de faire &#8211; revenir au garage et repartir. Mais seules quelques voitures ont pu le faire et nous avons rat\u00e9 le coche.\u00a0Nous devons donc des excuses \u00e0 Yuki.\u00a0\u00bb<\/p>\n<p>Tsunoda a termin\u00e9 la SQ1 \u00e0 la 18e place apr\u00e8s n&rsquo;avoir pas pu entamer son dernier tour rapide, le Japonais \u00e9tant g\u00ean\u00e9 par un important trafic qui n&rsquo;a rien arrang\u00e9. Tributaire de son premier tour lanc\u00e9, il n&rsquo;avait tout simplement pas sign\u00e9 un temps suffisamment bon pour esp\u00e9rer mieux que le fond de grille ce samedi.<\/p>\n<p>   <img decoding=\"async\" draggable=\"false\" src=\"https:\/\/www.europesays.com\/fr\/wp-content\/uploads\/2025\/10\/1760799014_546_max-verstappen-red-bull-racing.jpg\" alt=\"Max Verstappen, Red Bull Racing\" width=\"1200\" height=\"800\" loading=\"lazy\"\/> <\/p>\n<p class=\"title\">Max Verstappen, Red Bull Racing<\/p>\n<p class=\"photographer\">Photo by: Steven Tee \/ LAT Images via Getty Images<\/p>\n<p>Devant, au contraire, <a href=\"https:\/\/fr.motorsport.com\/driver\/max-verstappen\/93029\/\" target=\"_blank\" rel=\"noopener\">Max Verstappen<\/a> a pour sa part d\u00e9croch\u00e9 le meilleur temps du sprint, devan\u00e7ant les McLaren de\u00a0<a href=\"https:\/\/fr.motorsport.com\/driver\/lando-norris\/289708\/\" target=\"_blank\" rel=\"noopener\">Lando Norris<\/a> et <a href=\"https:\/\/fr.motorsport.com\/driver\/oscar-piastri\/835356\/\" target=\"_blank\" rel=\"noopener\">Oscar Piastri<\/a> \u00e0 l&rsquo;issue d&rsquo;une s\u00e9ance tr\u00e8s serr\u00e9e. \u00ab\u00a0Honn\u00eatement, l&rsquo;\u00e9quipe et Max ont fait un travail incroyable\u00a0\u00bb, a d\u00e9clar\u00e9 Mekies. \u00ab\u00a0Nous \u00e9tions l\u00e9g\u00e8rement derri\u00e8re <a href=\"https:\/\/fr.motorsport.com\/team\/mclaren\/609\/\" target=\"_blank\" rel=\"noopener\">McLaren<\/a> en SQ1 et \u00e0 nouveau en SQ2, d&rsquo;environ un dixi\u00e8me, un dixi\u00e8me et demi.\u00a0\u00bb<\/p>\n<p>\u00ab\u00a0Nous savions que \u00e7a serait serr\u00e9. Lando a r\u00e9alis\u00e9 un tr\u00e8s bon tour en SQ3 et il semblait difficile de faire mieux. Max \u00e9tait align\u00e9 avec Lando pendant la majeure partie du tour, mais dans les derniers virages, il a vraiment pouss\u00e9 la voiture et a r\u00e9ussi \u00e0 creuser l&rsquo;\u00e9cart minime dont nous avions besoin pour d\u00e9crocher la pole.\u00a0\u00bb<\/p>\n<p>Lire aussi :<\/p>\n<p>            Votre avis nous int\u00e9resse !<\/p>\n<p class=\"mt-auto\">Qu&rsquo;aimeriez-vous voir sur Motorsport.com ?<\/p>\n<p>            <a href=\"#\" class=\"ms-link text-link font-bold\">R\u00e9pondez \u00e0 notre enqu\u00eate de 5 minutes.<\/a><\/p>\n<p class=\"mt-1 font-info text-body\">&#8211; L&rsquo;\u00e9quipe Motorsport.com<\/p>\n","protected":false},"excerpt":{"rendered":"Le directeur de l&rsquo;\u00e9curie Red Bull Racing, Laurent Mekies, a admis la responsabilit\u00e9 de son \u00e9quipe apr\u00e8s l&rsquo;\u00e9limination&hellip;\n","protected":false},"author":2,"featured_media":472696,"comment_status":"","ping_status":"","sticky":false,"template":"","format":"standard","meta":{"footnotes":""},"categories":[1412],"tags":[2077,1451,1452,1453,1454,1455,1011,27,59403,26916,59618,2255,59617,60,2247],"class_list":{"0":"post-472695","1":"post","2":"type-post","3":"status-publish","4":"format-standard","5":"has-post-thumbnail","7":"category-f1","8":"tag-circuit-of-the-americas","9":"tag-f1","10":"tag-formula-1","11":"tag-formula1","12":"tag-formule-1","13":"tag-formule1","14":"tag-fr","15":"tag-france","16":"tag-gp-des-u00c9tats-unis","17":"tag-laurent-mekies","18":"tag-reconnau00eet-mekies","19":"tag-red-bull","20":"tag-red-bull-doit-des-excuses-u00e0-tsunoda","21":"tag-sports","22":"tag-yuki-tsunoda"},"share_on_mastodon":{"url":"https:\/\/pubeurope.com\/@fr\/115395731931050585","error":""},"_links":{"self":[{"href":"https:\/\/www.europesays.com\/fr\/wp-json\/wp\/v2\/posts\/472695","targetHints":{"allow":["GET"]}}],"collection":[{"href":"https:\/\/www.europesays.com\/fr\/wp-json\/wp\/v2\/posts"}],"about":[{"href":"https:\/\/www.europesays.com\/fr\/wp-json\/wp\/v2\/types\/post"}],"author":[{"embeddable":true,"href":"https:\/\/www.europesays.com\/fr\/wp-json\/wp\/v2\/users\/2"}],"replies":[{"embeddable":true,"href":"https:\/\/www.europesays.com\/fr\/wp-json\/wp\/v2\/comments?post=472695"}],"version-history":[{"count":0,"href":"https:\/\/www.europesays.com\/fr\/wp-json\/wp\/v2\/posts\/472695\/revisions"}],"wp:featuredmedia":[{"embeddable":true,"href":"https:\/\/www.europesays.com\/fr\/wp-json\/wp\/v2\/media\/472696"}],"wp:attachment":[{"href":"https:\/\/www.europesays.com\/fr\/wp-json\/wp\/v2\/media?parent=472695"}],"wp:term":[{"taxonomy":"category","embeddable":true,"href":"https:\/\/www.europesays.com\/fr\/wp-json\/wp\/v2\/categories?post=472695"},{"taxonomy":"post_tag","embeddable":true,"href":"https:\/\/www.europesays.com\/fr\/wp-json\/wp\/v2\/tags?post=472695"}],"curies":[{"name":"wp","href":"https:\/\/api.w.org\/{rel}","templated":true}]}}