{"id":472701,"date":"2025-10-18T14:53:13","date_gmt":"2025-10-18T14:53:13","guid":{"rendered":"https:\/\/www.europesays.com\/fr\/472701\/"},"modified":"2025-10-18T14:53:13","modified_gmt":"2025-10-18T14:53:13","slug":"ce-loft-parisien-ou-elle-vit-depuis-ses-22-ans","status":"publish","type":"post","link":"https:\/\/www.europesays.com\/fr\/472701\/","title":{"rendered":"ce loft parisien o\u00f9 elle vit depuis ses 22 ans"},"content":{"rendered":"<p>Vanessa Paradis est toujours rest\u00e9e relativement discr\u00e8te sur sa<br \/>\nvie priv\u00e9e. Mais \u00e0 l\u00a0\u00bboccasion de la sortie de la promotion de son<br \/>\nnouvel album Le retour des<br \/>\nbeaux jours, la chanteuse s&rsquo;est confi\u00e9e davantage. Gr\u00e2ce \u00e0 un<br \/>\narticle de Purepeople, nous avons appris qu&rsquo;elle habitait<br \/>\nun appartement parisien depuis plus de trente ans.<\/p>\n<p>L&rsquo;appartement de Vanessa Paradis, en plein c\u0153ur de Paris<\/p>\n<p>Le 12 octobre 2025, <a href=\"https:\/\/www.lejournaldelamaison.fr\/le-journal-de-la-maison\/reportages-maisons\/maisons-campagne\/vanessa-paradis-residence-exceptionnelle-situee-saint-tropez-arrive-pas-vendre-489198.html\" rel=\"nofollow noopener\" target=\"_blank\"><br \/>\nVanessa Paradis<\/a> \u00e9tait invit\u00e9e <strong>dans l&rsquo;\u00e9mission<br \/>\n20h30 le<br \/>\ndimanche<\/strong>, diffus\u00e9e sur France 2. Elle y a notamment<br \/>\n\u00e9voqu\u00e9 le lieu dans lequel elle habite depuis qu&rsquo;elle a 22 ans.<br \/>\nAlors qu&rsquo;elle faisait ses d\u00e9buts dans la chanson, avec succ\u00e8s, elle<br \/>\nest tomb\u00e9e amoureuse d&rsquo;un loft situ\u00e9 dans un quartier calme de<br \/>\nParis. Depuis, <strong>elle ne l&rsquo;a jamais quitt\u00e9<\/strong>.<\/p>\n<p data-start=\"692\" data-end=\"1035\">\u00ab\u00a0J\u2019ai beau <a href=\"https:\/\/www.lejournaldelamaison.fr\/le-journal-de-la-maison\/reportages-maisons\/appartements\/marion-cotillard-habitait-cite-dans-tour-dix-huit-etages-elle-evoque-ancien-appartement-banlieue-parisienne-522408.html\" rel=\"nofollow noopener\" target=\"_blank\"><br \/>\navoir grandi en banlieue<\/a> jusqu\u2019\u00e0 16 ans, je me suis toujours<br \/>\nsentie parisienne\u00a0\u00bb, confiait-elle d\u00e9j\u00e0 en 2023, lors d&rsquo;un<br \/>\nentretien accord\u00e9 au magazine Harper\u2019s Bazaar. L&rsquo;artiste<br \/>\nexpliquait que cet endroit, baign\u00e9 de lumi\u00e8re, \u00e9tait le meilleur<br \/>\nendroit qu&rsquo;elle avait trouv\u00e9 pour vivre et qu&rsquo;elle n&rsquo;y avait jamais<br \/>\npeur. \u00ab\u00a0C\u2019est d\u2019ailleurs le premier et <strong>le seul<br \/>\nappartement que je me suis achet\u00e9<\/strong>\u00ab\u00a0,<br \/>\najoutait-elle.<\/p>\n<p>L&rsquo;autre vie de Vanessa Paradis aux \u00c9tats-Unis<\/p>\n<p>Pendant longtemps, la chanteuse a v\u00e9cu <strong>entre la France<br \/>\net les \u00c9tats-Unis<\/strong>, multipliant les voyages. C&rsquo;est \u00e0 Paris<br \/>\nqu&rsquo;elle se sent vraiment chez elle. Apr\u00e8s des ann\u00e9es pass\u00e9es \u00e0 Los<br \/>\nAngeles, notamment durant sa relation <a href=\"https:\/\/www.lejournaldelamaison.fr\/le-journal-de-la-maison\/reportages-maisons\/maisons-reportages-maisons\/johnny-depp-vend-sa-propriete-dans-le-sud-de-la-france-pour-23-millions-deuros-55241.html\" rel=\"nofollow noopener\" target=\"_blank\"><br \/>\navec Johnny Depp<\/a>, elle souhaite rester durablement <strong>dans<br \/>\nla capitale fran\u00e7aise<\/strong>.<\/p>\n<p>Vanessa Paradis s&rsquo;\u00e9tait confi\u00e9e sur <strong>sa vie aux<br \/>\n\u00c9tats-Unis<\/strong> lors d&rsquo;un passage dans Quotidien, sur<br \/>\nTMC. \u00ab\u00a0J\u2019y ai pass\u00e9 tellement de d\u00e9cennies et il y a eu<br \/>\ntellement de tout.\u00a0Tellement de vie, de bonheur, des larmes,<br \/>\ntout. <a href=\"https:\/\/www.lejournaldelamaison.fr\/le-journal-de-la-maison\/reportages-maisons\/maisons-reportages-maisons\/olivier-giroud-besoin-lancer-nouveau-defi-magnifique-maison-los-angeles-point-quitter-pour-rejoindre-lille-522605.html\" rel=\"nofollow noopener\" target=\"_blank\"><br \/>\nC\u2019est une ville<\/a> qui m\u2019a permis de faire plein de choses.<br \/>\nJ\u2019\u00e9tais une maman anonyme, donc j\u2019\u00e9tais une maman \u00e0 100 % l\u00e0-bas,<br \/>\n<strong>c\u2019\u00e9tait g\u00e9nial de faire l\u2019\u00e9cole<\/strong>&#8230;\u00a0\u00bb,<br \/>\nracontait-elle.<\/p>\n<blockquote class=\"instagram-media\" style=\"background: #ffffff;border: 0;margin: 1px;width: 100%;padding: 0;max-width: 500px;\" data-instgrm-permalink=\"https:\/\/www.instagram.com\/p\/DPoORnSDSrZ\/\" data-instgrm-version=\"14\"\/><p>\nUn autre appartement parisien partag\u00e9<br \/>\navec Florent Pagny<\/p>\n<p>Avant de s&rsquo;installer dans ce loft, Vanessa Paradis habitait<br \/>\n<strong>un autre appartement \u00e0 Paris<\/strong>. Florent Pagny, avec<br \/>\nqui la chanteuse partageait sa vie, racontait dans son livre<br \/>\nPagny par<br \/>\nFlorent\u00a0que les deux avaient v\u00e9cu dans un duplex situ\u00e9<br \/>\nrue Cassini, dans le 14e arrondissement. Ce lieu \u00e9tait orn\u00e9<br \/>\n<strong>d&rsquo;une grande <a href=\"https:\/\/www.lejournaldelamaison.fr\/le-journal-de-la-maison\/piece-par-piece\/verriere-entree-facons-adopter-270442.html\" rel=\"nofollow noopener\" target=\"_blank\"><br \/>\net magnifique verri\u00e8re<\/a><\/strong>.<\/p>\n<p>Mais finalement, Vanessa Paradis a chang\u00e9 d&rsquo;appartement pour<br \/>\nvenir habiter <a href=\"https:\/\/www.lejournaldelamaison.fr\/le-journal-de-la-maison\/decoration-par-style\/cosy\/interieur-parisien-gout-melanges-42164.html\" rel=\"nofollow noopener\" target=\"_blank\"><br \/>\ndans le loft<\/a> <strong>qu&rsquo;elle occupe encore<br \/>\naujourd&rsquo;hui<\/strong>. Trente ans plus tard, elle est toujours aussi<br \/>\nattach\u00e9e \u00e0 cet endroit. Il sera peut-\u00eatre le dernier appartement<br \/>\nachet\u00e9 par l&rsquo;actrice, <strong>tant elle semble s&rsquo;y sentir<br \/>\nbien<\/strong>.<\/p>\n<p><script async src=\"\/\/www.instagram.com\/embed.js\"><\/script><\/p>\n","protected":false},"excerpt":{"rendered":"Vanessa Paradis est toujours rest\u00e9e relativement discr\u00e8te sur sa vie priv\u00e9e. Mais \u00e0 l\u00a0\u00bboccasion de la sortie de&hellip;\n","protected":false},"author":2,"featured_media":472702,"comment_status":"","ping_status":"","sticky":false,"template":"","format":"standard","meta":{"footnotes":""},"categories":[1359],"tags":[58,59,1011,27,973],"class_list":{"0":"post-472701","1":"post","2":"type-post","3":"status-publish","4":"format-standard","5":"has-post-thumbnail","7":"category-people","8":"tag-divertissement","9":"tag-entertainment","10":"tag-fr","11":"tag-france","12":"tag-people"},"share_on_mastodon":{"url":"https:\/\/pubeurope.com\/@fr\/115395743192880736","error":""},"_links":{"self":[{"href":"https:\/\/www.europesays.com\/fr\/wp-json\/wp\/v2\/posts\/472701","targetHints":{"allow":["GET"]}}],"collection":[{"href":"https:\/\/www.europesays.com\/fr\/wp-json\/wp\/v2\/posts"}],"about":[{"href":"https:\/\/www.europesays.com\/fr\/wp-json\/wp\/v2\/types\/post"}],"author":[{"embeddable":true,"href":"https:\/\/www.europesays.com\/fr\/wp-json\/wp\/v2\/users\/2"}],"replies":[{"embeddable":true,"href":"https:\/\/www.europesays.com\/fr\/wp-json\/wp\/v2\/comments?post=472701"}],"version-history":[{"count":0,"href":"https:\/\/www.europesays.com\/fr\/wp-json\/wp\/v2\/posts\/472701\/revisions"}],"wp:featuredmedia":[{"embeddable":true,"href":"https:\/\/www.europesays.com\/fr\/wp-json\/wp\/v2\/media\/472702"}],"wp:attachment":[{"href":"https:\/\/www.europesays.com\/fr\/wp-json\/wp\/v2\/media?parent=472701"}],"wp:term":[{"taxonomy":"category","embeddable":true,"href":"https:\/\/www.europesays.com\/fr\/wp-json\/wp\/v2\/categories?post=472701"},{"taxonomy":"post_tag","embeddable":true,"href":"https:\/\/www.europesays.com\/fr\/wp-json\/wp\/v2\/tags?post=472701"}],"curies":[{"name":"wp","href":"https:\/\/api.w.org\/{rel}","templated":true}]}}