{"id":472703,"date":"2025-10-18T14:54:11","date_gmt":"2025-10-18T14:54:11","guid":{"rendered":"https:\/\/www.europesays.com\/fr\/472703\/"},"modified":"2025-10-18T14:54:11","modified_gmt":"2025-10-18T14:54:11","slug":"catherine-leroy-la-photographe-francaise-oubliee-de-la-guerre-du-vietnam","status":"publish","type":"post","link":"https:\/\/www.europesays.com\/fr\/472703\/","title":{"rendered":"Catherine Leroy, la photographe fran\u00e7aise oubli\u00e9e de la guerre du Vietnam"},"content":{"rendered":"<p>                         <img loading=\"lazy\" decoding=\"async\" src=\"https:\/\/www.europesays.com\/fr\/wp-content\/uploads\/2025\/10\/80ead8f_upload-1-wpqnegu3p1rr-08-dcl6704-frame-14-wf.jpg\" alt=\"L\u2019aide-soignant de la marine am\u00e9ricaine Vernon Wike, aupr\u00e8s d\u2019un soldat mortellement bless\u00e9 lors de l\u2019assaut de la colline\u00a0881, au Vietnam (bataille de Khe Sanh), le\u00a030\u00a0avril\u00a01967.\"   width=\"664\" height=\"443\"\/>    L\u2019aide-soignant de la marine am\u00e9ricaine Vernon Wike, aupr\u00e8s d\u2019un soldat mortellement bless\u00e9 lors de l\u2019assaut de la colline\u00a0881, au Vietnam (bataille de Khe Sanh), le\u00a030\u00a0avril\u00a01967.  DOTATION CATHERINE LEROY\u00a0\/\u00a0CONTACT PRESS IMAGES                  <\/p>\n<p class=\"catcher__desc\">\u00ab\u00a0Un aller simple pour le Vi\u00eat-Nam. 1966-1968\u00a0\u00bb, de Catherine Leroy, Atelier EXB, 240\u00a0p., environ 110 photographies et 40\u00a0documents, 49\u00a0\u20ac.<\/p>\n<p class=\"article__paragraph  \">La couverture du livre r\u00e9sume bien le personnage\u00a0: un petit bout de femme \u00e0 la volont\u00e9 de fer. On y voit Catherine Leroy de dos, coiff\u00e9e de ses deux nattes blondes, en treillis, marcher avec assurance sur le tarmac, vers un \u00e9norme avion militaire. A juste 21\u00a0ans, en\u00a01966, sans exp\u00e9rience ni contact, avec un Leica qu\u2019elle ma\u00eetrisait \u00e0 peine, la jeune femme, issue de la bourgeoisie catholique, avait embarqu\u00e9 pour Sa\u00efgon (aujourd\u2019hui Ho Chi Minh-Ville, au Vietnam), o\u00f9 elle est devenue en quelques mois une photographe de guerre de renom, signant certaines des images les plus brutales et les plus fortes du conflit.<\/p>\n<p class=\"article__paragraph  \">Un aller simple pour le Vi\u00eat-Nam, premier livre consacr\u00e9 \u00e0 Catherine Leroy \u2013 morte quasiment oubli\u00e9e en\u00a02006 \u2013, sort de l\u2019ombre cette figure singuli\u00e8re au caract\u00e8re bien tremp\u00e9, en publiant ses photos saisissantes du Vietnam. Mais il lui rend aussi sa voix, \u00e0 travers les lettres qu\u2019elle a envoy\u00e9es \u00e0 ses parents pendant les trois\u00a0ans pass\u00e9s sur place, entre ses probl\u00e8mes d\u2019argent, ses blessures, ses publications, sa vie quotidienne \u00e0 Sa\u00efgon, ses rapports compliqu\u00e9s avec les autres photographes masculins.<\/p>\n<p class=\"reading-mode-only \"><strong>Il vous reste 84.16% de cet article \u00e0 lire. La suite est r\u00e9serv\u00e9e aux abonn\u00e9s.<\/strong><\/p>\n","protected":false},"excerpt":{"rendered":"L\u2019aide-soignant de la marine am\u00e9ricaine Vernon Wike, aupr\u00e8s d\u2019un soldat mortellement bless\u00e9 lors de l\u2019assaut de la colline\u00a0881,&hellip;\n","protected":false},"author":2,"featured_media":472704,"comment_status":"","ping_status":"","sticky":false,"template":"","format":"standard","meta":{"footnotes":""},"categories":[1358],"tags":[1348,1384,1385,1386,58,59,1011,27],"class_list":{"0":"post-472703","1":"post","2":"type-post","3":"status-publish","4":"format-standard","5":"has-post-thumbnail","7":"category-arts-et-design","8":"tag-arts","9":"tag-arts-and-design","10":"tag-arts-et-design","11":"tag-design","12":"tag-divertissement","13":"tag-entertainment","14":"tag-fr","15":"tag-france"},"share_on_mastodon":{"url":"https:\/\/pubeurope.com\/@fr\/115395747579570253","error":""},"_links":{"self":[{"href":"https:\/\/www.europesays.com\/fr\/wp-json\/wp\/v2\/posts\/472703","targetHints":{"allow":["GET"]}}],"collection":[{"href":"https:\/\/www.europesays.com\/fr\/wp-json\/wp\/v2\/posts"}],"about":[{"href":"https:\/\/www.europesays.com\/fr\/wp-json\/wp\/v2\/types\/post"}],"author":[{"embeddable":true,"href":"https:\/\/www.europesays.com\/fr\/wp-json\/wp\/v2\/users\/2"}],"replies":[{"embeddable":true,"href":"https:\/\/www.europesays.com\/fr\/wp-json\/wp\/v2\/comments?post=472703"}],"version-history":[{"count":0,"href":"https:\/\/www.europesays.com\/fr\/wp-json\/wp\/v2\/posts\/472703\/revisions"}],"wp:featuredmedia":[{"embeddable":true,"href":"https:\/\/www.europesays.com\/fr\/wp-json\/wp\/v2\/media\/472704"}],"wp:attachment":[{"href":"https:\/\/www.europesays.com\/fr\/wp-json\/wp\/v2\/media?parent=472703"}],"wp:term":[{"taxonomy":"category","embeddable":true,"href":"https:\/\/www.europesays.com\/fr\/wp-json\/wp\/v2\/categories?post=472703"},{"taxonomy":"post_tag","embeddable":true,"href":"https:\/\/www.europesays.com\/fr\/wp-json\/wp\/v2\/tags?post=472703"}],"curies":[{"name":"wp","href":"https:\/\/api.w.org\/{rel}","templated":true}]}}