{"id":472709,"date":"2025-10-18T14:57:10","date_gmt":"2025-10-18T14:57:10","guid":{"rendered":"https:\/\/www.europesays.com\/fr\/472709\/"},"modified":"2025-10-18T14:57:10","modified_gmt":"2025-10-18T14:57:10","slug":"grenoble-oxmo-puccino-a-la-belle-electrique-le-14-novembre-le-dauphine-libere","status":"publish","type":"post","link":"https:\/\/www.europesays.com\/fr\/472709\/","title":{"rendered":"Grenoble. Oxmo Puccino \u00e0 la Belle \u00e9lectrique le 14 novembre &#8211; Le Dauphin\u00e9 Lib\u00e9r\u00e9"},"content":{"rendered":"<ol>\n<li><a href=\"https:\/\/news.google.com\/rss\/articles\/CBMiugFBVV95cUxNUFRWQk11OVVpYlN0MFRsdi14bEhjNWhTR2QxamVWeHh1OTBLblNuVW5QTGw5bHlyX0dCa3RvT0w1cU84c1k1RW5WNEtSUXI0cGM2OE9YTVNkVXpsUUNoeHRxdXU3aEp2S0dQdVJhZzVZX2FXeFY1ZlRJUkhJeFFtYVJBVTJHTTdVQ0NibUN2bnhmUlNQWEstZTBtSzVkRnEwal9xOU81eGcxS0pwV0hidUZqeDNzaXU3RkE?oc=5\" target=\"_blank\" rel=\"noopener\">Grenoble. Oxmo Puccino \u00e0 la Belle \u00e9lectrique le 14 novembre<\/a>&nbsp;&nbsp;Le Dauphin\u00e9 Lib\u00e9r\u00e9<\/li>\n<li><a href=\"https:\/\/news.google.com\/rss\/articles\/CBMihAJBVV95cUxNcVdsc1g0c1NpRVlZOGpRZTl5R1gwaW9uLW0yOERaLWNvZ3ZQQmxQRllKbThidWZGdDNSR3pLSWEzS2dEUmx0YkxTaU5ha1lBZ1pEY2doeU9sWC1CbXlHWmNvUl9qbEFBN0hhenppUWU5VjI0Ym90SG43dlNtWlBLX3JjVjRsazYxd1NVaGdfOUZyQTBNTTVfOGJ5ODYzaGlET3pGUnpBQTJiVWVVVlNSbFVuY0cyV2ZET2U1RnNra0l5M3UwTno1NTFFQmdrS1lRYnF1UXJBUnpHRDh0QXlWb2dfR3ZmdWNNSGw4bGFTbzJQX19paU1qU3J0b1pEcGlDamdfQg?oc=5\" target=\"_blank\" rel=\"noopener\">\u00ab\u00a0Je n&rsquo;arr\u00eate pas la musique mais c&rsquo;est mon dernier album\u00a0\u00bb, Oxmo Puccino se livre \u00e0 \u00ab\u00a0La Provence\u00a0\u00bb<\/a>&nbsp;&nbsp;La Provence<\/li>\n<li><a href=\"https:\/\/news.google.com\/rss\/articles\/CBMiowFBVV95cUxPTXJ3M0QzSm10ZWVPWFZ5MmJqUGhnLUtpMUNCcjg3T1UyeE9kdDVSNlllOVZTVXFGRXVJTmJIX0M1YkpKWHI4bkYtMnk1T25GQ0dVZkhnQTFLc2h1M2syNVR2QmlWNEFQOVl1MXVzemFVRnJfV1VuQ1dnZmdlQWN4MnQ2VXNkWWVRMU5UMVRHYTJWY0lBeHVzUnFUa3RYTDZ0VUM4?oc=5\" target=\"_blank\" rel=\"noopener\">Musique. Oxmo Puccino a pr\u00e9sent\u00e9 ses nouveaux titres \u00e0 Lyon : \u00ab Je ne veux pas faire l\u2019album de trop \u00bb<\/a>&nbsp;&nbsp;Le Progr\u00e8s<\/li>\n<li><a href=\"https:\/\/news.google.com\/rss\/articles\/CBMioAFBVV95cUxQakNTc3NIRXVoVDE3WGZnTmN0LXpPVE5CS2Q1blNtQmFjbW9zNGJGMm00akpjZkIxYlFCZi1jeUxLRkJsbW81eVhvaDh5b1hFX0pja0J6dExZaEU0dUlaUVhuWFd6dVZGdXc0TmlYRmhPMnJBakRtdktoaW1iRGRyRE5KNUNrcm5WQjd3ODdfWGlXTUtubW5RQWFWN2lWcDFz?oc=5\" target=\"_blank\" rel=\"noopener\">Oxmo Puccino annonce son dernier album: \u00abLa hauteur de la lune\u00bb<\/a>&nbsp;&nbsp;RFI<\/li>\n<\/ol>\n","protected":false},"excerpt":{"rendered":"Grenoble. Oxmo Puccino \u00e0 la Belle \u00e9lectrique le 14 novembre&nbsp;&nbsp;Le Dauphin\u00e9 Lib\u00e9r\u00e9 \u00ab\u00a0Je n&rsquo;arr\u00eate pas la musique mais&hellip;\n","protected":false},"author":2,"featured_media":472710,"comment_status":"","ping_status":"","sticky":false,"template":"","format":"standard","meta":{"footnotes":""},"categories":[1355],"tags":[1687,58,112,59,1011,27,2731,2732,108,1361,873],"class_list":{"0":"post-472709","1":"post","2":"type-post","3":"status-publish","4":"format-standard","5":"has-post-thumbnail","7":"category-musique","8":"tag-culture-loisirs","9":"tag-divertissement","10":"tag-edition-grenoble-agglomeration","11":"tag-entertainment","12":"tag-fr","13":"tag-france","14":"tag-grenoble","15":"tag-grenoble-bassin","16":"tag-isere","17":"tag-music","18":"tag-musique"},"share_on_mastodon":{"url":"https:\/\/pubeurope.com\/@fr\/115395758950682132","error":""},"_links":{"self":[{"href":"https:\/\/www.europesays.com\/fr\/wp-json\/wp\/v2\/posts\/472709","targetHints":{"allow":["GET"]}}],"collection":[{"href":"https:\/\/www.europesays.com\/fr\/wp-json\/wp\/v2\/posts"}],"about":[{"href":"https:\/\/www.europesays.com\/fr\/wp-json\/wp\/v2\/types\/post"}],"author":[{"embeddable":true,"href":"https:\/\/www.europesays.com\/fr\/wp-json\/wp\/v2\/users\/2"}],"replies":[{"embeddable":true,"href":"https:\/\/www.europesays.com\/fr\/wp-json\/wp\/v2\/comments?post=472709"}],"version-history":[{"count":0,"href":"https:\/\/www.europesays.com\/fr\/wp-json\/wp\/v2\/posts\/472709\/revisions"}],"wp:featuredmedia":[{"embeddable":true,"href":"https:\/\/www.europesays.com\/fr\/wp-json\/wp\/v2\/media\/472710"}],"wp:attachment":[{"href":"https:\/\/www.europesays.com\/fr\/wp-json\/wp\/v2\/media?parent=472709"}],"wp:term":[{"taxonomy":"category","embeddable":true,"href":"https:\/\/www.europesays.com\/fr\/wp-json\/wp\/v2\/categories?post=472709"},{"taxonomy":"post_tag","embeddable":true,"href":"https:\/\/www.europesays.com\/fr\/wp-json\/wp\/v2\/tags?post=472709"}],"curies":[{"name":"wp","href":"https:\/\/api.w.org\/{rel}","templated":true}]}}