{"id":472711,"date":"2025-10-18T14:58:27","date_gmt":"2025-10-18T14:58:27","guid":{"rendered":"https:\/\/www.europesays.com\/fr\/472711\/"},"modified":"2025-10-18T14:58:27","modified_gmt":"2025-10-18T14:58:27","slug":"critique-du-film-frankenstein-la-magnifique-lecon-dhumanite-de-guillermo-del-toro","status":"publish","type":"post","link":"https:\/\/www.europesays.com\/fr\/472711\/","title":{"rendered":"Critique du film \u00abFrankenstein\u00bb: la magnifique le\u00e7on d\u2019humanit\u00e9 de Guillermo del Toro"},"content":{"rendered":"<p><strong>Le r\u00e9alisateur Guillermo del Toro ainsi que ses acteurs Oscar Isaac et Jacob Elordi (sans oublier Mia Goth) rendent merveilleusement justice \u00e0 l\u2019\u0153uvre iconique de Mary Shelley.<\/strong><\/p>\n<p>Le cin\u00e9aste aura mis des d\u00e9cennies \u00e0 porter son Frankenstein \u00e0 l\u2019\u00e9cran, un r\u00eave qu\u2019il a toujours entrevu comme une trag\u00e9die et non comme un film d\u2019horreur apr\u00e8s avoir visionn\u00e9, enfant, Boris Karloff dans le long m\u00e9trage de 1931.<\/p>\n<p>En 149 minutes, il livre une vision \u00e9motionnelle forte port\u00e9e par Oscar Isaac, parfait en Victor Frankenstein, et par Jacob Elordi, \u00e9blouissant en Cr\u00e9ature (Andrew Garfield devait, \u00e0 l\u2019origine, tenir ce r\u00f4le). All\u00e9gorie sur l\u2019arrogance des hommes, les violences et l\u2019obsession, ce Frankenstein \u00e0 la magnificence gothique n\u2019est pas sans rappeler le Dracula de Francis Ford Coppola, tant au niveau des d\u00e9cors que de l\u2019atmosph\u00e8re et des costumes.<\/p>\n<p>          <img  alt=\"\" class=\"lazyload\"\/><\/p>\n<p>                                                    Photo fournie par NETFLIX CANADA, KEN WORONER<\/p>\n<p>Frankenstein d\u00e9bute non loin du p\u00f4le Nord, alors que la Cr\u00e9ature pourchasse Victor Frankenstein. En flash-backs, ce dernier raconte son histoire au capitaine du bateau, de son enfance malheureuse aux mains d\u2019un p\u00e8re violent (Charles Dance, gla\u00e7ant) jusqu\u2019\u00e0 l\u2019arriv\u00e9e de Harlander (Christoph Waltz, toujours aussi juste), qui finance ses travaux, et dont la fille, Elizabeth (Mia Goth, merveilleuse), est fianc\u00e9e \u00e0 William (Felix Kammerer), le petit fr\u00e8re de Victor.<\/p>\n<p>On retrouvera des th\u00e8mes chers au cin\u00e9aste, d\u00e9velopp\u00e9s notamment dans La forme de l\u2019eau (Oscar du meilleur film), sur ce qui constitue l\u2019humanit\u00e9&#8230; et donc l\u2019inhumanit\u00e9. Cette opposition constante est abondamment soulign\u00e9e par la violence crue de certaines sc\u00e8nes (le d\u00e9coupage des cadavres, l\u2019assemblage de la Cr\u00e9ature, les torrents de sang qui s\u2019\u00e9chappent du laboratoire, notamment) et la duret\u00e9 implacable de tous les personnages masculins.<\/p>\n<p>          <img  alt=\"\" class=\"lazyload\"\/><\/p>\n<p>                                                    Photo fournie par NETFLIX CANADA, KEN WORONER<\/p>\n<p>On soulignera de nouveau la force du jeu des deux interpr\u00e8tes principaux, tant Oscar Isaac que Jacob Elordi sont au sommet de leur art, et permettent ainsi \u00e0 Guillermo del Toro de mettre sur pellicule \u2013 et grand \u00e9cran, dont les \u00e9crans IMAX \u2013 son long m\u00e9trage le plus achev\u00e9.<\/p>\n<p>Note: 4,5 sur 5<\/p>\n<p>Frankenstein est pr\u00e9sent\u00e9 dans certains cin\u00e9mas \u00e0 partir du 17 octobre. D\u2019autres \u00e9crans s\u2019ajouteront le 24 octobre avant d\u2019arriver sur Netflix le 7 novembre.<\/p>\n","protected":false},"excerpt":{"rendered":"Le r\u00e9alisateur Guillermo del Toro ainsi que ses acteurs Oscar Isaac et Jacob Elordi (sans oublier Mia Goth)&hellip;\n","protected":false},"author":2,"featured_media":472712,"comment_status":"","ping_status":"","sticky":false,"template":"","format":"standard","meta":{"footnotes":""},"categories":[1354],"tags":[58,59,1346,1011,27,1360],"class_list":{"0":"post-472711","1":"post","2":"type-post","3":"status-publish","4":"format-standard","5":"has-post-thumbnail","7":"category-films","8":"tag-divertissement","9":"tag-entertainment","10":"tag-films","11":"tag-fr","12":"tag-france","13":"tag-movies"},"share_on_mastodon":{"url":"https:\/\/pubeurope.com\/@fr\/115395762835629237","error":""},"_links":{"self":[{"href":"https:\/\/www.europesays.com\/fr\/wp-json\/wp\/v2\/posts\/472711","targetHints":{"allow":["GET"]}}],"collection":[{"href":"https:\/\/www.europesays.com\/fr\/wp-json\/wp\/v2\/posts"}],"about":[{"href":"https:\/\/www.europesays.com\/fr\/wp-json\/wp\/v2\/types\/post"}],"author":[{"embeddable":true,"href":"https:\/\/www.europesays.com\/fr\/wp-json\/wp\/v2\/users\/2"}],"replies":[{"embeddable":true,"href":"https:\/\/www.europesays.com\/fr\/wp-json\/wp\/v2\/comments?post=472711"}],"version-history":[{"count":0,"href":"https:\/\/www.europesays.com\/fr\/wp-json\/wp\/v2\/posts\/472711\/revisions"}],"wp:featuredmedia":[{"embeddable":true,"href":"https:\/\/www.europesays.com\/fr\/wp-json\/wp\/v2\/media\/472712"}],"wp:attachment":[{"href":"https:\/\/www.europesays.com\/fr\/wp-json\/wp\/v2\/media?parent=472711"}],"wp:term":[{"taxonomy":"category","embeddable":true,"href":"https:\/\/www.europesays.com\/fr\/wp-json\/wp\/v2\/categories?post=472711"},{"taxonomy":"post_tag","embeddable":true,"href":"https:\/\/www.europesays.com\/fr\/wp-json\/wp\/v2\/tags?post=472711"}],"curies":[{"name":"wp","href":"https:\/\/api.w.org\/{rel}","templated":true}]}}