{"id":472713,"date":"2025-10-18T14:59:13","date_gmt":"2025-10-18T14:59:13","guid":{"rendered":"https:\/\/www.europesays.com\/fr\/472713\/"},"modified":"2025-10-18T14:59:13","modified_gmt":"2025-10-18T14:59:13","slug":"je-me-suis-dit-pourquoi-moi","status":"publish","type":"post","link":"https:\/\/www.europesays.com\/fr\/472713\/","title":{"rendered":"\u00ab je me suis dit pourquoi moi \u00bb"},"content":{"rendered":"<p>            Par<br \/>\n        <strong><br \/>\n            <a href=\"https:\/\/actu.fr\/auteur\/baptiste-ringeval02-actu-fr\" title=\"Consulter tous les articles de Baptiste Ringeval\" target=\"_blank\" rel=\"noopener\">Baptiste Ringeval<\/a><br \/>\n        <\/strong><\/p>\n<p>        Publi\u00e9 le<\/p>\n<p>            17 oct. 2025 \u00e0 20h00        <\/p>\n<p>C\u2019est une cause qui lui tient particuli\u00e8rement \u00e0 c\u0153ur. En 2019, la vie de Virginie Lecomte, habitante de <a href=\"https:\/\/actu.fr\/ile-de-france\/longperrier_77259\" target=\"_blank\" rel=\"noopener\">Longperrier<\/a> (Seine-et-Marne), a bascul\u00e9 quand elle a appris \u00eatre atteinte d\u2019un cancer du sein.<\/p>\n<p class=\" wall-content\">Apr\u00e8s deux interventions, de la radioth\u00e9rapie et un traitement sur 5 ans, cette m\u00e8re de deux filles de 16 et 19 ans a r\u00e9ussi \u00e0 venir \u00e0 bout de sa maladie. Aujourd\u2019hui toujours suivie, mais en r\u00e9mission, la Longperroise entend continuer \u00e0 s\u2019investir pour cette cause. Interview.<\/p>\n<p class=\"ac-article-content__question wall-content\">Comment avez-vous appris \u00eatre atteinte d\u2019un cancer ?<\/p>\n<p class=\" wall-content\">J\u2019ai toujours \u00e9t\u00e9 suivie, et un jour, en changeant de professionnelle, lors d\u2019une \u00e9chographie de contr\u00f4le, j\u2019ai \u00e9t\u00e9 diagnostiqu\u00e9e. Il n\u2019y avait eu aucun signe d\u2019alerte, \u00e7a a \u00e9t\u00e9 vraiment par hasard. J\u2019ai \u00e9t\u00e9 prise en charge directement \u00e0 l\u2019Institut Curry.<\/p>\n<p class=\" wall-content\">Je l\u2019ai appris, fin novembre\/d\u00e9but d\u00e9cembre, et en janvier, j\u2019\u00e9tais op\u00e9r\u00e9e. J\u2019ai eu deux interventions coup sur coup \u00e0 un mois d\u2019intervalles puisque sur la premi\u00e8re intervention, ils n\u2019avaient pas retir\u00e9 totalement les cellules. Et apr\u00e8s \u00e7a, j\u2019ai eu de la radioth\u00e9rapie avec des s\u00e9ances cinq fois par semaine. J\u2019ai eu de la chance de ne pas avoir de chimioth\u00e9rapie. Ensuite, et une fois la radioth\u00e9rapie termin\u00e9e, j\u2019ai eu un traitement sur cinq ans que j\u2019ai arr\u00eat\u00e9 en juin 2024. C\u2019est l\u00e0 que j\u2019ai sonn\u00e9 la cloche de la gu\u00e9rison.<\/p>\n<p class=\"ac-article-content__question wall-content\">Comment avez-vous r\u00e9agi ? Qu\u2019est-ce qui a \u00e9t\u00e9 le plus dur ?<\/p>\n<p class=\" wall-content\">Lorsqu\u2019on apprend cette nouvelle, on a l\u2019impression que le ciel nous tombe sur la t\u00eate. Je me suis dit : \u00a0\u00bbPourquoi moi ?\u00a0\u00bb. En fait, il y a plusieurs phases dans la maladie, au d\u00e9part, on a du mal \u00e0 comprendre, \u00e7a nous tombe dessus, on ne r\u00e9agit pas forc\u00e9ment. Apr\u00e8s, on y pense, on se demande pourquoi \u00e7a nous tombe dessus. Ensuite, il y a de la col\u00e8re, mais aussi de la peur parce qu\u2019on pense \u00e0 la mort bien \u00e9videmment, on se dit qu\u2019on ne sait pas ce qu\u2019il peut se passer.<\/p>\n<p>Vid\u00e9os : en ce moment sur Actu<\/p>\n<p class=\" wall-content\">Le plus dur, \u00e7a a \u00e9t\u00e9 de faire vivre cela \u00e0 mes proches. Mes parents, leur r\u00e9action, c\u2019\u00e9tait aussi pourquoi moi. Pour mes enfants, ils \u00e9taient inquiets, mais j\u2019ai \u00e9t\u00e9 tr\u00e8s bien suivie et pris \u00e0 temps. Mais une fois l\u2019annonce faite et dig\u00e9r\u00e9e, ils ont \u00e9t\u00e9 d\u2019un soutien \u00e9norme pour moi. Leur aide, \u00e7a a \u00e9t\u00e9 plus de 80 % de la gu\u00e9rison. Ce sont eux, la famille, les amis\u2026 qui nous permettent aussi de penser \u00e0 autre chose.<\/p>\n<p class=\"ac-article-content__question wall-content\">Qu\u2019est-ce que vous retenez de cette p\u00e9riode ?<\/p>\n<p class=\" wall-content\">Ce que je retiens de cette p\u00e9riode, c\u2019est que \u00e7a m\u2019a beaucoup chang\u00e9 la vie, je vois les choses autrement. Je ne remets plus \u00e0 demain des choses que je peux faire tout de suite. On profite de chaque moment de la vie. On ne se prend pas la t\u00eate pour des petites choses qui n\u2019en valent pas la peine, on avance. M\u00eame si on a quand m\u00eame une \u00e9p\u00e9e de Damocl\u00e8s au-dessus de la t\u00eate, parce que c\u2019est termin\u00e9, mais il y a toujours des risques. Il faut continuer \u00e0 vivre.<\/p>\n<p>Votre r\u00e9gion, votre actu !<\/p>\n<p>Recevez chaque jour les infos qui comptent pour vous.<\/p>\n<p>\t<a href=\"https:\/\/actu.fr\/newsletter\" class=\"ac-btn ac-btn--corner ac-btn--medium ac-btn--blue800\" target=\"_blank\" rel=\"noopener\">S&rsquo;incrire<\/a><\/p>\n<p class=\"ac-article-content__question wall-content\">Malgr\u00e9 votre gu\u00e9rison, est-ce aujourd\u2019hui une cause qui vous tient toujours \u00e0 c\u0153ur ?<\/p>\n<p class=\" wall-content\">Oui, c\u2019est tr\u00e8s important pour moi, d\u2019autant plus que gr\u00e2ce \u00e0 mon m\u00e9tier de pr\u00e9paratrice en pharmacie, je m\u2019occupe des femmes qui sont op\u00e9r\u00e9es du cancer du sein. Je leur propose des proth\u00e8ses quand elles en ont besoin. C\u2019est \u00e9galement une cause qui me tient \u00e0 c\u0153ur puisque j\u2019ai perdu une amie proche qui a eu un cancer du sein et qui s\u2019est battue pendant des ann\u00e9es. Je me bats donc pour sa m\u00e9moire, mais aussi pour celles des femmes qui se battent actuellement ou qui ne sont plus l\u00e0 malheureusement.<\/p>\n<p>    <img   decoding=\"async\" loading=\"lazy\" class=\"size-large\" src=\"https:\/\/www.europesays.com\/fr\/wp-content\/uploads\/2025\/10\/fc895ae101f8621995ae101f805995v-768x640.jpg\" alt=\"La marche du dimanche 12 octobre a rassembl\u00e9 plusieurs dizaines de personne.\" width=\"768\" height=\"640\"\/><br \/>\n    La marche du dimanche 12\u00a0octobre a rassembl\u00e9 plusieurs dizaines de personne. \u00a9Photo transmise \u00e0 La Marne<\/p>\n<p class=\" wall-content\">C\u2019est pour toutes ces raisons que j\u2019ai organis\u00e9 une marche dimanche 12 octobre \u00e0 10 h 30 \u00e0 Longperrier. On \u00e9tait plus d\u2019une vingtaine de b\u00e9n\u00e9voles de notre groupe de marche Les Merveilleux\u00a0et beaucoup d\u2019habitants de Longperrier. Pour y participer, on demandait 3 euros, mais les gens pouvaient donner plus s\u2019ils le souhaitaient, si bien qu\u2019on a r\u00e9colt\u00e9 710 euros au profit de l\u2019association AVACS (Vaincre le Cancer Solidairement) de Saint-Soupplets. Le but, c\u2019est maintenant de p\u00e9renniser cet \u00e9v\u00e9nement tous les ans.<\/p>\n<p class=\" wall-content\">Personnalisez votre actualit\u00e9 en ajoutant vos villes et m\u00e9dias en favori avec <a href=\"https:\/\/moncompte.actu.fr\" title=\"D\u00e9couvez Mon Actu\" rel=\"nofollow noopener\" data-trk=\"{&quot;cta&quot;:{&quot;action&quot;:&quot;https:\\\/\\\/moncompte.actu.fr&quot;,&quot;category&quot;:&quot;mon compte&quot;,&quot;from&quot;:&quot;article footer&quot;,&quot;name&quot;:&quot;Mon actu&quot;,&quot;type&quot;:&quot;cta&quot;}}\" target=\"_blank\">Mon Actu<\/a>.<\/p>\n","protected":false},"excerpt":{"rendered":"Par Baptiste Ringeval Publi\u00e9 le 17 oct. 2025 \u00e0 20h00 C\u2019est une cause qui lui tient particuli\u00e8rement \u00e0&hellip;\n","protected":false},"author":2,"featured_media":472714,"comment_status":"","ping_status":"","sticky":false,"template":"","format":"standard","meta":{"footnotes":""},"categories":[10],"tags":[101,1011,27,72,54321,71,104],"class_list":{"0":"post-472713","1":"post","2":"type-post","3":"status-publish","4":"format-standard","5":"has-post-thumbnail","7":"category-sante","8":"tag-cancer","9":"tag-fr","10":"tag-france","11":"tag-health","12":"tag-octobre-rose","13":"tag-sante","14":"tag-societe"},"share_on_mastodon":{"url":"https:\/\/pubeurope.com\/@fr\/115395767316726644","error":""},"_links":{"self":[{"href":"https:\/\/www.europesays.com\/fr\/wp-json\/wp\/v2\/posts\/472713","targetHints":{"allow":["GET"]}}],"collection":[{"href":"https:\/\/www.europesays.com\/fr\/wp-json\/wp\/v2\/posts"}],"about":[{"href":"https:\/\/www.europesays.com\/fr\/wp-json\/wp\/v2\/types\/post"}],"author":[{"embeddable":true,"href":"https:\/\/www.europesays.com\/fr\/wp-json\/wp\/v2\/users\/2"}],"replies":[{"embeddable":true,"href":"https:\/\/www.europesays.com\/fr\/wp-json\/wp\/v2\/comments?post=472713"}],"version-history":[{"count":0,"href":"https:\/\/www.europesays.com\/fr\/wp-json\/wp\/v2\/posts\/472713\/revisions"}],"wp:featuredmedia":[{"embeddable":true,"href":"https:\/\/www.europesays.com\/fr\/wp-json\/wp\/v2\/media\/472714"}],"wp:attachment":[{"href":"https:\/\/www.europesays.com\/fr\/wp-json\/wp\/v2\/media?parent=472713"}],"wp:term":[{"taxonomy":"category","embeddable":true,"href":"https:\/\/www.europesays.com\/fr\/wp-json\/wp\/v2\/categories?post=472713"},{"taxonomy":"post_tag","embeddable":true,"href":"https:\/\/www.europesays.com\/fr\/wp-json\/wp\/v2\/tags?post=472713"}],"curies":[{"name":"wp","href":"https:\/\/api.w.org\/{rel}","templated":true}]}}