{"id":472726,"date":"2025-10-18T15:06:18","date_gmt":"2025-10-18T15:06:18","guid":{"rendered":"https:\/\/www.europesays.com\/fr\/472726\/"},"modified":"2025-10-18T15:06:18","modified_gmt":"2025-10-18T15:06:18","slug":"sur-bfmtv-patrick-sebastien-recadre-paola-puerari","status":"publish","type":"post","link":"https:\/\/www.europesays.com\/fr\/472726\/","title":{"rendered":"Sur BFMTV, Patrick S\u00e9bastien recadre Paola Puerari"},"content":{"rendered":"<p>    Patrick S\u00e9bastien \u00e9tait l\u2019\u00abInvit\u00e9 du club\u00bb, sur BFMTV, ce vendredi 17 octobre.<br \/>\n                Capture d&rsquo;\u00e9cran &#8211; BFMTV.<\/p>\n<p>\n    Invit\u00e9 du \u00abClub BFM\u00bb, ce vendredi 17 octobre 2025, pour y d\u00e9fendre la sortie de son nouveau livre et \u00e9voquer ses ambitions politiques, notamment, l\u2019animateur, chanteur s\u2019agace d\u2019une question erron\u00e9e de la journaliste.<\/p>\n<p class=\"fig-paragraph\">Certes il dit beaucoup de b\u00eatises. Et certes, il s\u2019en amuse lui-m\u00eame, de sorte \u00e0 conserver son public sans jamais perdre la face. Mais il y a des limites, tout de m\u00eame. Invit\u00e9 du club, sur BFMTV, ce vendredi 17 octobre,\u00a0<a href=\"http:\/\/www.lefigaro.fr\/politique\/patrick-sebastien-bientot-candidat-a-l-elysee-bien-sur-que-je-me-suis-pose-la-question-20250913\" target=\"_blank\" data-fig-type=\"Article\" rel=\"noopener nofollow\" data-gtm-custom-categorie=\"navigation\" data-gtm-custom-action=\"crossclick\" data-gtm-custom-label=\"Contextuel\" data-gtm-event=\"customEventSPE\" data-fig-domain=\"LEFIGARO\">l\u2019animateur, humoriste, chanteur, auteur et producteur<\/a>\u00a0s\u2019est trouv\u00e9 dans l\u2019obligation de recadrer une journaliste.<\/p>\n<p class=\"fig-paragraph\"><a href=\"http:\/\/tvmag.lefigaro.fr\/programme-tv\/actu-tele\/sequence-insolite-sur-bfmtv-un-homme-montre-ses-fesses-en-plein-direct-20251012\" target=\"_blank\" data-fig-type=\"Article\" rel=\"noopener nofollow\" data-gtm-custom-categorie=\"navigation\" data-gtm-custom-action=\"crossclick\" data-gtm-custom-label=\"Contextuel\" data-gtm-event=\"customEventSPE\" data-fig-domain=\"TVMAG\">Paola Puerari<\/a>, autrefois journaliste sur France Inter, Arte et LCI, anime d\u00e9sormais les d\u00e9buts de soir\u00e9e de BFMTV. Avait-elle pour ambition d\u2019acculer Patrick S\u00e9bastien, son invit\u00e9? Ses notes \u00e9taient-elles erron\u00e9es? Toujours est-il que l\u2019une de ses questions a fortement agac\u00e9 l\u2019animateur vedette, venu d\u00e9fendre la sortie de son nouveau livre, M\u00eame pas peur, et \u00e9changer sur les grands th\u00e8mes d\u2019actualit\u00e9, ses vell\u00e9it\u00e9s politiques, notamment. \u00abJe ne suis candidat \u00e0 rien!\u00bb, a-t-il indiqu\u00e9 d\u00e8s le d\u00e9but de l\u2019interview.<\/p>\n<p>                                    <a class=\"fig-a11y-skip a11y-hidden\" href=\"#fig-a11y-skip-main-inarticle\"><br \/>\n        Passer la publicit\u00e9<br \/>\n    <\/a><\/p>\n<p>Prise \u00e0 son propre pi\u00e8ge<\/p>\n<p class=\"fig-paragraph\">Il a ensuite \u00e9t\u00e9 question de l\u2019<a href=\"https:\/\/video.lefigaro.fr\/figaro\/affaire-jubillar-les-dernieres-heures-dun-proces-les-recits-desther-paolini-et-me-mourad-battikh-20251017\" target=\"_blank\" data-fig-type=\"Video\" rel=\"noopener nofollow\" data-gtm-custom-categorie=\"navigation\" data-gtm-custom-action=\"crossclick\" data-gtm-custom-label=\"Contextuel\" data-gtm-event=\"customEventSPE\" data-fig-domain=\"LEFIGARO\">affaire Jubillar<\/a>, de Justice, de nature humaine et des grands faits divers. Tr\u00e8s vite le ton se tend. Patrick S\u00e9bastien \u00e9voque un crime passionnel. Son interlocutrice le reprend en lui rappelant qu\u2019on ne parle plus de crime passionnel mais de\u00a0<a href=\"http:\/\/www.lefigaro.fr\/bordeaux\/gironde-une-femme-tuee-par-balle-retrouvee-sur-le-bord-de-la-route-son-ex-compagnon-mis-en-examen-20250711\" target=\"_blank\" data-fig-type=\"NewsFlash\" rel=\"noopener nofollow\" data-gtm-custom-categorie=\"navigation\" data-gtm-custom-action=\"crossclick\" data-gtm-custom-label=\"Contextuel\" data-gtm-event=\"customEventSPE\" data-fig-domain=\"LEFIGARO\">f\u00e9minicide<\/a>\u00a0et que \u00ables mots comptent\u00bb. Elle a raison. Un peu plus tard pourtant\u00a0:<\/p>\n<p class=\"fig-paragraph\">\u00abIl y a une pol\u00e9mique en 1995 o\u00f9 vous aviez appel\u00e9\u00a0<a href=\"http:\/\/www.lefigaro.fr\/actualite-france\/ceux-qui-confondent-jean-marie-et-marine-le-pen-n-y-comprennent-rien-pourquoi-les-francais-juifs-sont-de-plus-en-plus-a-droite-20250314\" target=\"_blank\" data-fig-type=\"Article\" rel=\"noopener nofollow\" data-gtm-custom-categorie=\"navigation\" data-gtm-custom-action=\"crossclick\" data-gtm-custom-label=\"Contextuel\" data-gtm-event=\"customEventSPE\" data-fig-domain=\"LEFIGARO\">Jean-Marie Le\u00a0Pen<\/a> \u00a0\u00e0 chanter sur sc\u00e8ne&#8230; Vous vous souvenez de cette pol\u00e9mique?\u00bb, lui demande-t-elle. Et Patrick S\u00e9bastien de r\u00e9pondre: \u00abR\u00e9p\u00e8te ce que tu viens de dire, parce que \u00e7a, \u00e7a m\u2019amuse? Parce que \u00e7a alors! J\u2019avais appel\u00e9 Jean-Marie Le\u00a0Pen \u00e0 chanter?\u00bb.<\/p>\n<p class=\"fig-body-link\">\n            \u00c0 lire aussi<br \/>\n        <a class=\"fig-body-link__link fig-premium-mark\" href=\"http:\/\/www.lefigaro.fr\/politique\/patrick-sebastien-bientot-candidat-a-l-elysee-bien-sur-que-je-me-suis-pose-la-question-20250913\" data-fig-type=\"Article\" data-gtm-custom-categorie=\"navigation\" data-gtm-custom-action=\"crossclick\" data-gtm-custom-label=\"Contextuel\" data-gtm-event=\"customEventSPE\" data-fig-domain=\"LEFIGARO\" rel=\"nofollow noopener\" target=\"_blank\">Patrick S\u00e9bastien bient\u00f4t candidat \u00e0 l\u2019\u00c9lys\u00e9e\u00a0? \u00abBien s\u00fbr que je me suis pos\u00e9 la question\u00bb<br \/>\n    <\/a>\n<\/p>\n<p class=\"fig-paragraph\">Prise au pi\u00e8ge de sa propre question, Paola Puerari s\u2019embrouille et bredouille: \u00abEhhhh&#8230; Non, je me suis mal exprim\u00e9e&#8230;\u00bb, tandis que son interlocuteur s\u2019\u00e9nerve: \u00abJ\u2019ai appel\u00e9 Jean-Marie Le\u00a0Pen sur sc\u00e8ne\u00a0?\u00bb. Et la pr\u00e9sentatrice de s\u2019enfoncer plus encore: \u00abPardon! Je me suis mal exprim\u00e9e&#8230; On peut&#8230; Heu&#8230; Ce n\u2019est pas un plateau de terreur, ici&#8230; On va regarder&#8230;\u00bb.<\/p>\n<p class=\"fig-paragraph\">\u00abTu viens de dire une b\u00eatise! (&#8230;) C\u2019est faux. C\u2019est archi faux&#8230; En fait, j\u2019ai fait une caricature de Jean-Marie Le\u00a0Pen. Vous savez ce que c\u2019est une caricature, c\u2019est une imitation de Jean-Marie Le\u00a0Pen qui chantait \u2019on va casser du noir\u2019&#8230; Et je me suis fait rentrer dedans. Ce qui est tr\u00e8s amusant. Et c\u2019est symptomatique de ce que je dis. C\u2019est que je me suis fait rentr\u00e9 dedans. Ceux qui me sont le plus rentr\u00e9 dedans, c\u2019est\u00a0<a href=\"http:\/\/www.lefigaro.fr\/culture\/charlie-hebdo-et-la-famille-du-dessinateur-demandent-l-entree-de-charb-au-pantheon-20251007\" target=\"_blank\" data-fig-type=\"NewsFlash\" rel=\"noopener nofollow\" data-gtm-custom-categorie=\"navigation\" data-gtm-custom-action=\"crossclick\" data-gtm-custom-label=\"Contextuel\" data-gtm-event=\"customEventSPE\" data-fig-domain=\"LEFIGARO\">Charlie Hebdo<\/a> , alors que j\u2019ai fait une caricature (&#8230;)\u00bb<\/p>\n<p class=\"fig-paragraph\">La journaliste tente de reprendre le contr\u00f4le. Mais Patrick S\u00e9bastien ne l\u2019entend pas de cette oreille. Il explique alors qu\u2019il a ensuite en effet apport\u00e9 la caricature \u00e0 l\u2019ancien responsable du Front national. Raison pour laquelle il a \u00e9t\u00e9 condamn\u00e9 au motif que les Fran\u00e7ais ne comprennent pas le second degr\u00e9. Il ajoute qu\u2019il recommencera.<\/p>\n<p>                                    <a class=\"fig-a11y-skip a11y-hidden\" href=\"#fig-a11y-skip-main-inarticle_mtf\"><br \/>\n        Passer la publicit\u00e9<br \/>\n    <\/a><\/p>\n<p class=\"fig-paragraph\">\u00abOu alors on n\u2019a plus le droit \u00e0 la caricature? Vous \u00eates tous descendus dans la rue pour d\u00e9fendre Charlie Hebdo et les\u00a0<a href=\"http:\/\/www.lefigaro.fr\/actualite-france\/charlie-hebdo-78-des-musulmans-considerent-que-la-celebre-caricature-de-mahomet-par-cabu-n-aurait-pas-du-etre-publiee-selon-un-sondage-20250107\" target=\"_blank\" data-fig-type=\"Article\" rel=\"noopener nofollow\" data-gtm-custom-categorie=\"navigation\" data-gtm-custom-action=\"crossclick\" data-gtm-custom-label=\"Contextuel\" data-gtm-event=\"customEventSPE\" data-fig-domain=\"LEFIGARO\">caricatures<\/a> ! Et vous voudriez qu\u2019on n\u2019en fasse pas?\u00bb CQFD.<\/p>\n","protected":false},"excerpt":{"rendered":"Patrick S\u00e9bastien \u00e9tait l\u2019\u00abInvit\u00e9 du club\u00bb, sur BFMTV, ce vendredi 17 octobre. Capture d&rsquo;\u00e9cran &#8211; BFMTV. Invit\u00e9 du&hellip;\n","protected":false},"author":2,"featured_media":472727,"comment_status":"","ping_status":"","sticky":false,"template":"","format":"standard","meta":{"footnotes":""},"categories":[2],"tags":[11,10831,1011,27,12,6097],"class_list":{"0":"post-472726","1":"post","2":"type-post","3":"status-publish","4":"format-standard","5":"has-post-thumbnail","7":"category-actualites","8":"tag-actualites","9":"tag-bfmtv","10":"tag-fr","11":"tag-france","12":"tag-news","13":"tag-patrick-sebastien"},"share_on_mastodon":{"url":"https:\/\/pubeurope.com\/@fr\/115395794457384478","error":""},"_links":{"self":[{"href":"https:\/\/www.europesays.com\/fr\/wp-json\/wp\/v2\/posts\/472726","targetHints":{"allow":["GET"]}}],"collection":[{"href":"https:\/\/www.europesays.com\/fr\/wp-json\/wp\/v2\/posts"}],"about":[{"href":"https:\/\/www.europesays.com\/fr\/wp-json\/wp\/v2\/types\/post"}],"author":[{"embeddable":true,"href":"https:\/\/www.europesays.com\/fr\/wp-json\/wp\/v2\/users\/2"}],"replies":[{"embeddable":true,"href":"https:\/\/www.europesays.com\/fr\/wp-json\/wp\/v2\/comments?post=472726"}],"version-history":[{"count":0,"href":"https:\/\/www.europesays.com\/fr\/wp-json\/wp\/v2\/posts\/472726\/revisions"}],"wp:featuredmedia":[{"embeddable":true,"href":"https:\/\/www.europesays.com\/fr\/wp-json\/wp\/v2\/media\/472727"}],"wp:attachment":[{"href":"https:\/\/www.europesays.com\/fr\/wp-json\/wp\/v2\/media?parent=472726"}],"wp:term":[{"taxonomy":"category","embeddable":true,"href":"https:\/\/www.europesays.com\/fr\/wp-json\/wp\/v2\/categories?post=472726"},{"taxonomy":"post_tag","embeddable":true,"href":"https:\/\/www.europesays.com\/fr\/wp-json\/wp\/v2\/tags?post=472726"}],"curies":[{"name":"wp","href":"https:\/\/api.w.org\/{rel}","templated":true}]}}