{"id":472728,"date":"2025-10-18T15:07:13","date_gmt":"2025-10-18T15:07:13","guid":{"rendered":"https:\/\/www.europesays.com\/fr\/472728\/"},"modified":"2025-10-18T15:07:13","modified_gmt":"2025-10-18T15:07:13","slug":"ils-manifestent-devant-le-salon-du-chiot","status":"publish","type":"post","link":"https:\/\/www.europesays.com\/fr\/472728\/","title":{"rendered":"ils manifestent devant le Salon du chiot"},"content":{"rendered":"<p>Le soleil illumine de ses chauds rayons le parvis du Parc Expo, \u00e0 Saint-Etienne, en ce d\u00e9but de samedi apr\u00e8s-midi. Les familles se pressent pour arriver \u00e0 l\u2019entr\u00e9e du Salon du chiot qui se tient jusqu\u2019\u00e0 dimanche. Mais devant l\u2019entr\u00e9e du b\u00e2timent, un groupe d\u2019une vingtaine de manifestants \u00e9quip\u00e9s de pancartes vient dire son opposition \u00e0 la tenue de l\u2019\u00e9v\u00e9nement.<\/p>\n<p>\u00ab\u00a0Nous d\u00e9non\u00e7ons la marchandisation de l\u2019animal de compagnie, en r\u00e9f\u00e9rence \u00e0 la loi de 2021 qui a interdit la vente de chats et de chiens en animalerie\u00a0\u00bb explique Catherine Martin, du parti animaliste, pr\u00e9sent aux c\u00f4t\u00e9s de la SPA de Saint-Etienne, l\u2019ADA de Saint-Chamond, les associations C\u0153ur sur pattes, Anima, Help cats, l\u2019APA Baldo, le centre de protection des animaux, One voice, Savoir animal et la ligue des animaux.<\/p>\n<p>  \u00ab\u00a0Nous voulons lutter contre l\u2019achat compulsif\u00a0\u00bb<\/p>\n<p>Et cette derni\u00e8re de reprendre\u00a0: \u00ab\u00a0Quand on adopte, on doit b\u00e9n\u00e9ficier d\u2019un d\u00e9lai de r\u00e9flexion de 7 jours et d\u2019un certificat d\u2019engagement. Dans ces salons, ce n\u2019est pas le cas alors que les associations qui \u0153uvrent pour le bien-\u00eatre animal sont, elles, syst\u00e9matiquement contr\u00f4l\u00e9es\u00a0\u00bb. Avant d\u2019ass\u00e9ner\u00a0: \u00ab\u00a0Nous voulons aussi lutter contre l\u2019achat compulsif tandis que les refuges n\u2019ont jamais \u00e9t\u00e9 aussi remplis\u00a0\u00bb.<\/p>\n<p>Une affirmation qu\u2019Annie Planteblat, secr\u00e9taire g\u00e9n\u00e9rale de la SPA de Saint-Etienne, ne peut que confirmer\u00a0: \u00ab <a href=\"https:\/\/www.leprogres.fr\/societe\/2025\/09\/28\/1-hectare-supplementaire-nouveaux-locaux-les-travaux-a-la-spa-ont-commence\" target=\"_blank\" rel=\"noopener\">Nous ne sommes pas aujourd\u2019hui en mesure d\u2019accueillir plus d\u2019animaux<\/a> dans nos locaux car nous comptons d\u00e9j\u00e0 pr\u00e8s de 40 chiens dans nos box\u00a0\u00bb. Cette derni\u00e8re garde en m\u00e9moire une exp\u00e9rience d\u2019adoption dans un salon\u00a0: \u00ab\u00a0Un jeune couple avait adopt\u00e9 un chien qui a d\u00e9clar\u00e9 une maladie grave. L\u2019\u00e9leveur n\u2019a plus \u00e9t\u00e9 au rendez-vous apr\u00e8s. Le pire, c\u2019est qu\u2019il n\u2019\u00e9tait m\u00eame pas en tort\u00a0\u00bb.<\/p>\n<p>  \u00ab\u00a0Une mise en sc\u00e8ne s\u00e9duisante d\u2019animaux jeunes et fragiles\u00a0\u00bb<\/p>\n<p>Conseill\u00e8re municipale d\u2019opposition, Isabelle Dumestre (PS) a aussi tenu \u00e0 marquer son opposition au Salon du chiot\u00a0: \u00ab\u00a0Ces \u00e9v\u00e9nements reposent sur une mise en sc\u00e8ne s\u00e9duisante d\u2019animaux jeunes et fragiles qui suscitent l\u2019envie, incitant \u00e0 des acquisitions irr\u00e9fl\u00e9chies\u00a0\u00bb. Elle lance un message \u00e0 la majorit\u00e9 municipale\u00a0: \u00ab\u00a0Interdire ces salons dans les \u00e9quipements de la commune serait un acte coh\u00e9rent et courageux, affirmant que notre ville refuse la marchandisation des animaux et choisit de d\u00e9fendre leur bien-\u00eatre contre un mercantilisme du vivant d\u00e9pass\u00e9\u00a0\u00bb.<\/p>\n<p>Sollicit\u00e9 par nos soins, l\u2019organisateur du salon n\u2019a pas souhait\u00e9 r\u00e9pondre \u00e0 nos questions. Enfin, il convient de signaler que parall\u00e8lement \u00e0 cette manifestation, les associations PAZ et Argos 42 se sont aussi mobilis\u00e9es contre la tenue du Salon du chiot, rassemblant une vingtaine de personnes.<\/p>\n<p class=\"note\">\u00c0 lire aussi\u00a0: <a href=\"https:\/\/www.leprogres.fr\/politique\/2025\/10\/14\/salons-animaliers-la-ville-n-en-veut-pas-mais-peut-elle-les-interdire\" target=\"_blank\" rel=\"noopener\">Salons animaliers\u00a0: la Ville de Saint-\u00c9tienne n\u2019en veut pas, mais peut-elle les interdire\u00a0?<\/a><\/p>\n","protected":false},"excerpt":{"rendered":"Le soleil illumine de ses chauds rayons le parvis du Parc Expo, \u00e0 Saint-Etienne, en ce d\u00e9but de&hellip;\n","protected":false},"author":2,"featured_media":472729,"comment_status":"","ping_status":"","sticky":false,"template":"","format":"standard","meta":{"footnotes":""},"categories":[9653],"tags":[1111,11,327,1867,2430,33,7539,1777,674,274,1011,27,3367,12,316,25,4001,7538,104],"class_list":{"0":"post-472728","1":"post","2":"type-post","3":"status-publish","4":"format-standard","5":"has-post-thumbnail","7":"category-saint-etienne","8":"tag-actu","9":"tag-actualites","10":"tag-agriculture","11":"tag-animaux","12":"tag-auvergne-rhone-alpes","13":"tag-economie","14":"tag-edition-loire-sud","15":"tag-eu","16":"tag-europe","17":"tag-faits-divers-justice","18":"tag-fr","19":"tag-france","20":"tag-loire","21":"tag-news","22":"tag-politique","23":"tag-republique-francaise","24":"tag-saint-etienne","25":"tag-saint-etienne-ville","26":"tag-societe"},"share_on_mastodon":{"url":"https:\/\/pubeurope.com\/@fr\/115395798257167037","error":""},"_links":{"self":[{"href":"https:\/\/www.europesays.com\/fr\/wp-json\/wp\/v2\/posts\/472728","targetHints":{"allow":["GET"]}}],"collection":[{"href":"https:\/\/www.europesays.com\/fr\/wp-json\/wp\/v2\/posts"}],"about":[{"href":"https:\/\/www.europesays.com\/fr\/wp-json\/wp\/v2\/types\/post"}],"author":[{"embeddable":true,"href":"https:\/\/www.europesays.com\/fr\/wp-json\/wp\/v2\/users\/2"}],"replies":[{"embeddable":true,"href":"https:\/\/www.europesays.com\/fr\/wp-json\/wp\/v2\/comments?post=472728"}],"version-history":[{"count":0,"href":"https:\/\/www.europesays.com\/fr\/wp-json\/wp\/v2\/posts\/472728\/revisions"}],"wp:featuredmedia":[{"embeddable":true,"href":"https:\/\/www.europesays.com\/fr\/wp-json\/wp\/v2\/media\/472729"}],"wp:attachment":[{"href":"https:\/\/www.europesays.com\/fr\/wp-json\/wp\/v2\/media?parent=472728"}],"wp:term":[{"taxonomy":"category","embeddable":true,"href":"https:\/\/www.europesays.com\/fr\/wp-json\/wp\/v2\/categories?post=472728"},{"taxonomy":"post_tag","embeddable":true,"href":"https:\/\/www.europesays.com\/fr\/wp-json\/wp\/v2\/tags?post=472728"}],"curies":[{"name":"wp","href":"https:\/\/api.w.org\/{rel}","templated":true}]}}